{"id":2194,"date":"2024-01-05T09:48:43","date_gmt":"2024-01-05T07:48:43","guid":{"rendered":"https:\/\/www.fabienm.eu\/wordpress\/?p=2194"},"modified":"2024-01-05T09:48:44","modified_gmt":"2024-01-05T07:48:44","slug":"les-casques-protegent-la-tete-les-pistes-cyclables-protegent-les-enfants","status":"publish","type":"post","link":"http:\/\/www.fabienm.eu\/wordpress\/2024\/01\/05\/les-casques-protegent-la-tete-les-pistes-cyclables-protegent-les-enfants\/","title":{"rendered":"Les casques prot\u00e8gent la t\u00eate, les pistes cyclables prot\u00e8gent les enfants"},"content":{"rendered":"\n<figure class=\"wp-block-image size-large\"><img loading=\"lazy\" decoding=\"async\" width=\"1024\" height=\"683\" src=\"https:\/\/www.fabienm.eu\/wordpress\/wp-content\/uploads\/2024\/01\/casque_enfants_piste_cyclable_securite-1024x683.jpg\" alt=\"\" class=\"wp-image-2195\" srcset=\"http:\/\/www.fabienm.eu\/wordpress\/wp-content\/uploads\/2024\/01\/casque_enfants_piste_cyclable_securite-1024x683.jpg 1024w, http:\/\/www.fabienm.eu\/wordpress\/wp-content\/uploads\/2024\/01\/casque_enfants_piste_cyclable_securite-300x200.jpg 300w, http:\/\/www.fabienm.eu\/wordpress\/wp-content\/uploads\/2024\/01\/casque_enfants_piste_cyclable_securite-768x512.jpg 768w, http:\/\/www.fabienm.eu\/wordpress\/wp-content\/uploads\/2024\/01\/casque_enfants_piste_cyclable_securite-1536x1024.jpg 1536w, http:\/\/www.fabienm.eu\/wordpress\/wp-content\/uploads\/2024\/01\/casque_enfants_piste_cyclable_securite-2048x1366.jpg 2048w\" sizes=\"auto, (max-width: 1024px) 100vw, 1024px\" \/><figcaption class=\"wp-element-caption\">Publicit\u00e9 trouv\u00e9e sur <a href=\"https:\/\/piaille.fr\/@cyclodaronne\/111698795484600528\">piaille<\/a><\/figcaption><\/figure>\n","protected":false},"excerpt":{"rendered":"","protected":false},"author":1,"featured_media":0,"comment_status":"open","ping_status":"closed","sticky":false,"template":"","format":"aside","meta":{"footnotes":""},"categories":[1],"tags":[310,24,137],"class_list":["post-2194","post","type-post","status-publish","format-aside","hentry","category-non-classe","tag-casque","tag-securite-routiere","tag-velo","post_format-post-format-aside"],"_links":{"self":[{"href":"http:\/\/www.fabienm.eu\/wordpress\/wp-json\/wp\/v2\/posts\/2194","targetHints":{"allow":["GET"]}}],"collection":[{"href":"http:\/\/www.fabienm.eu\/wordpress\/wp-json\/wp\/v2\/posts"}],"about":[{"href":"http:\/\/www.fabienm.eu\/wordpress\/wp-json\/wp\/v2\/types\/post"}],"author":[{"embeddable":true,"href":"http:\/\/www.fabienm.eu\/wordpress\/wp-json\/wp\/v2\/users\/1"}],"replies":[{"embeddable":true,"href":"http:\/\/www.fabienm.eu\/wordpress\/wp-json\/wp\/v2\/comments?post=2194"}],"version-history":[{"count":1,"href":"http:\/\/www.fabienm.eu\/wordpress\/wp-json\/wp\/v2\/posts\/2194\/revisions"}],"predecessor-version":[{"id":2196,"href":"http:\/\/www.fabienm.eu\/wordpress\/wp-json\/wp\/v2\/posts\/2194\/revisions\/2196"}],"wp:attachment":[{"href":"http:\/\/www.fabienm.eu\/wordpress\/wp-json\/wp\/v2\/media?parent=2194"}],"wp:term":[{"taxonomy":"category","embeddable":true,"href":"http:\/\/www.fabienm.eu\/wordpress\/wp-json\/wp\/v2\/categories?post=2194"},{"taxonomy":"post_tag","embeddable":true,"href":"http:\/\/www.fabienm.eu\/wordpress\/wp-json\/wp\/v2\/tags?post=2194"}],"curies":[{"name":"wp","href":"https:\/\/api.w.org\/{rel}","templated":true}]}}