{"id":2231,"date":"2024-02-12T16:00:05","date_gmt":"2024-02-12T14:00:05","guid":{"rendered":"https:\/\/www.fabienm.eu\/wordpress\/?p=2231"},"modified":"2024-02-12T16:28:23","modified_gmt":"2024-02-12T14:28:23","slug":"save-the-date-14-avril-2024-chaine-humaine-pour-le-chemin-de-fer-colmar-fribourg","status":"publish","type":"post","link":"http:\/\/www.fabienm.eu\/wordpress\/2024\/02\/12\/save-the-date-14-avril-2024-chaine-humaine-pour-le-chemin-de-fer-colmar-fribourg\/","title":{"rendered":"Save the date: 14 avril 2024, Cha\u00eene humaine pour le chemin de fer Colmar-Fribourg"},"content":{"rendered":"\n<figure class=\"wp-block-image size-large\"><img loading=\"lazy\" decoding=\"async\" width=\"1024\" height=\"192\" src=\"https:\/\/www.fabienm.eu\/wordpress\/wp-content\/uploads\/2024\/02\/train_colmar_fribourg-1024x192.jpg\" alt=\"\" class=\"wp-image-2237\" srcset=\"http:\/\/www.fabienm.eu\/wordpress\/wp-content\/uploads\/2024\/02\/train_colmar_fribourg-1024x192.jpg 1024w, http:\/\/www.fabienm.eu\/wordpress\/wp-content\/uploads\/2024\/02\/train_colmar_fribourg-300x56.jpg 300w, http:\/\/www.fabienm.eu\/wordpress\/wp-content\/uploads\/2024\/02\/train_colmar_fribourg-768x144.jpg 768w, http:\/\/www.fabienm.eu\/wordpress\/wp-content\/uploads\/2024\/02\/train_colmar_fribourg.jpg 1441w\" sizes=\"auto, (max-width: 1024px) 100vw, 1024px\" \/><figcaption class=\"wp-element-caption\">\u00c7a aurait de la gueule une ligne de train Colmar-Fribourg !<\/figcaption><\/figure>\n\n\n\n<p>Copier\/coller du <a href=\"https:\/\/transrhinrail.eu\/2024\/01\/18\/save-the-date-14-avril-2024-chaine-humaine-pour-le-chemin-de-fer-colmar-fribourg\/\">blog transrhinrail.eu<\/a> (gras et liens ajout\u00e9):<\/p>\n\n\n\n<p>\u00ab<\/p>\n\n\n\n<p>Depuis bient\u00f4t 12 ans, notre association lutte pour le r\u00e9tablissement d\u2019une liaison <strong>ferroviaire<\/strong> continue entre <strong>Colmar et Fribourg<\/strong>.<\/p>\n\n\n\n<p>Entre-temps, de nombreux hommes politiques des deux c\u00f4t\u00e9s du Rhin et m\u00eame<strong> les pr\u00e9sidents des deux pays se sont engag\u00e9s<\/strong> \u00e0 apporter leur soutien. \u00ab Notre \u00bb chemin de fer a \u00e9t\u00e9 inclus dans<strong> <\/strong><a href=\"http:\/\/le trait\u00e9 d\u2019Aix-la-Chapelle de 2019\"><strong>le trait\u00e9 d\u2019Aix-la-Chapelle de 2019<\/strong> <\/a>comme un projet mod\u00e8le pour l\u2019amiti\u00e9 franco-allemande.<\/p>\n\n\n\n<p>Depuis de nombreuses ann\u00e9es, les expertises sont longues et co\u00fbteuses. Mais il ne semble pas que les choses avancent vraiment. La derni\u00e8re fois, les ann\u00e9es 2040 ont \u00e9t\u00e9 cit\u00e9es comme date d\u2019ouverture. <strong>Ce serait 100 ans apr\u00e8s la destruction du pont du Rhin<\/strong>! Et il y a beaucoup de d\u00e9saccords \u2013 sur le nombre d\u2019utilisateurs, les co\u00fbts et le financement entre les deux pays et \u00e0 l\u2019int\u00e9rieur des pays.<\/p>\n\n\n\n<p>Nous discutons beaucoup avec des hommes politiques, mais ceux-ci ne nous donnent pas vraiment d\u2019espoir.<\/p>\n\n\n\n<p>C\u2019est pourquoi nous voulons, avec la population et les responsables politiques de la r\u00e9gion, envoyer <strong>un message clair <\/strong>indiquant que nous accordons tous une r\u00e9elle importance \u00e0 cette connexion, et ce, bien avant 2040.<\/p>\n\n\n\n<p>Trans Rhin Rail a donc d\u00e9cid\u00e9 d\u2019organiser le<strong> dimanche 14 avril 2024 <\/strong>une cha\u00eene humaine sur <strong>le Rhin \u2013 de Breisach \u00e0 Volgelsheim.<\/strong><\/p>\n\n\n\n<p>Et nous avons besoin de votre soutien:    <\/p>\n\n\n\n<ul class=\"wp-block-list\">\n<li>Notez-vous la date et informez tous vos amis et connaissances<\/li>\n\n\n\n<li>Inscrivez-vous d\u00e8s que possible pour que nous puissions avoir un aper\u00e7u du nombre de participants<\/li>\n\n\n\n<li>Contactez-nous si vous voulez aider vous-m\u00eame en tant qu\u2019officier de route ou d\u2019autres aides ou si vous voulez participer par exemple \u00e0 la distribution de tracts ou \u00e0 la collecte de signatures<\/li>\n\n\n\n<li>Faites-nous part de vos id\u00e9es pour rendre l\u2019action encore plus imaginative et r\u00e9ussie.<\/li>\n<\/ul>\n\n\n\n<p>Adresse mail pour vos retours et inscriptions : <a href=\"mailto:TransRhinRail.Colmar-Freiburg@posteo.eu\">TransRhinRail.Colmar-Freiburg@posteo.eu<\/a>.<\/p>\n\n\n\n<p>Nous nous r\u00e9jouissons d\u2019une action collective impressionnante qui mettra enfin le chemin de fer en marche. Et \u00e0 votre prochaine r\u00e9ponse.<\/p>\n\n\n\n<p>Pour Trans Rhin Rail Colmar-Freiburg<\/p>\n\n\n\n<p>Patrick Kerber, Vincent Denefeld et Hannes Linck&rsquo;Nous <\/p>\n\n\n\n<p>\u00bb<\/p>\n\n\n\n<figure class=\"wp-block-image size-large\"><a href=\"https:\/\/transrhinrail.eu\/wp-content\/uploads\/2023\/02\/Bericht-Mitgliederversammlung-2023.pdf\"><img loading=\"lazy\" decoding=\"async\" width=\"1024\" height=\"530\" src=\"https:\/\/www.fabienm.eu\/wordpress\/wp-content\/uploads\/2024\/02\/plan_densemble_ligne_colmar_fribourg-1024x530.jpg\" alt=\"\" class=\"wp-image-2240\" srcset=\"http:\/\/www.fabienm.eu\/wordpress\/wp-content\/uploads\/2024\/02\/plan_densemble_ligne_colmar_fribourg-1024x530.jpg 1024w, http:\/\/www.fabienm.eu\/wordpress\/wp-content\/uploads\/2024\/02\/plan_densemble_ligne_colmar_fribourg-300x155.jpg 300w, http:\/\/www.fabienm.eu\/wordpress\/wp-content\/uploads\/2024\/02\/plan_densemble_ligne_colmar_fribourg-768x398.jpg 768w, http:\/\/www.fabienm.eu\/wordpress\/wp-content\/uploads\/2024\/02\/plan_densemble_ligne_colmar_fribourg-1536x795.jpg 1536w, http:\/\/www.fabienm.eu\/wordpress\/wp-content\/uploads\/2024\/02\/plan_densemble_ligne_colmar_fribourg.jpg 1595w\" sizes=\"auto, (max-width: 1024px) 100vw, 1024px\" \/><\/a><figcaption class=\"wp-element-caption\">Plan d&rsquo;ensemble des travaux pr\u00e9vus pour le projet. (Source: Compte-rendu de l\u2019Assembl\u00e9e G\u00e9n\u00e9rale 2023 page 46 cliquer sur l&rsquo;image)<\/figcaption><\/figure>\n","protected":false},"excerpt":{"rendered":"<p>Copier\/coller du blog transrhinrail.eu (gras et liens ajout\u00e9): \u00ab Depuis bient\u00f4t 12 ans, notre association lutte pour le r\u00e9tablissement d\u2019une liaison ferroviaire continue entre Colmar et Fribourg. Entre-temps, de nombreux hommes politiques des deux c\u00f4t\u00e9s du Rhin et m\u00eame les &hellip; <a href=\"http:\/\/www.fabienm.eu\/wordpress\/2024\/02\/12\/save-the-date-14-avril-2024-chaine-humaine-pour-le-chemin-de-fer-colmar-fribourg\/\">Continuer la lecture <span class=\"meta-nav\">&rarr;<\/span><\/a><\/p>\n","protected":false},"author":1,"featured_media":0,"comment_status":"open","ping_status":"closed","sticky":false,"template":"","format":"standard","meta":{"footnotes":""},"categories":[1],"tags":[30,304,353,354,352,351],"class_list":["post-2231","post","type-post","status-publish","format-standard","hentry","category-non-classe","tag-alsace","tag-colmar","tag-fribourg","tag-manifestation","tag-rhin","tag-train"],"_links":{"self":[{"href":"http:\/\/www.fabienm.eu\/wordpress\/wp-json\/wp\/v2\/posts\/2231","targetHints":{"allow":["GET"]}}],"collection":[{"href":"http:\/\/www.fabienm.eu\/wordpress\/wp-json\/wp\/v2\/posts"}],"about":[{"href":"http:\/\/www.fabienm.eu\/wordpress\/wp-json\/wp\/v2\/types\/post"}],"author":[{"embeddable":true,"href":"http:\/\/www.fabienm.eu\/wordpress\/wp-json\/wp\/v2\/users\/1"}],"replies":[{"embeddable":true,"href":"http:\/\/www.fabienm.eu\/wordpress\/wp-json\/wp\/v2\/comments?post=2231"}],"version-history":[{"count":9,"href":"http:\/\/www.fabienm.eu\/wordpress\/wp-json\/wp\/v2\/posts\/2231\/revisions"}],"predecessor-version":[{"id":2244,"href":"http:\/\/www.fabienm.eu\/wordpress\/wp-json\/wp\/v2\/posts\/2231\/revisions\/2244"}],"wp:attachment":[{"href":"http:\/\/www.fabienm.eu\/wordpress\/wp-json\/wp\/v2\/media?parent=2231"}],"wp:term":[{"taxonomy":"category","embeddable":true,"href":"http:\/\/www.fabienm.eu\/wordpress\/wp-json\/wp\/v2\/categories?post=2231"},{"taxonomy":"post_tag","embeddable":true,"href":"http:\/\/www.fabienm.eu\/wordpress\/wp-json\/wp\/v2\/tags?post=2231"}],"curies":[{"name":"wp","href":"https:\/\/api.w.org\/{rel}","templated":true}]}}