{"id":2299,"date":"2024-04-07T22:54:26","date_gmt":"2024-04-07T20:54:26","guid":{"rendered":"http:\/\/www.fabienm.eu\/wordpress\/?p=2299"},"modified":"2024-04-10T16:52:16","modified_gmt":"2024-04-10T14:52:16","slug":"de-colmar-jusquen-allemagne-a-velo","status":"publish","type":"post","link":"http:\/\/www.fabienm.eu\/wordpress\/2024\/04\/07\/de-colmar-jusquen-allemagne-a-velo\/","title":{"rendered":"De Colmar jusqu&rsquo;en Allemagne \u00e0 v\u00e9lo"},"content":{"rendered":"\n<p>Colmar est une ville frontali\u00e8re de l&rsquo;Allemagne. Il ne suffit que de quelques 20&nbsp;kilom\u00e8tres de trajet pour changer de pays.<\/p>\n\n\n\n<p>Dans le cadre de la <a href=\"https:\/\/transrhinrail.eu\/2024\/04\/01\/randonnee-velo-guidee-pour-se-rendre-a-la-chaine-humaine\/\">cha\u00eene humaine <\/a>pr\u00e9vue le 14 avril, <a href=\"https:\/\/framacarte.org\/fr\/map\/colmar-vogelgrun-a-velo_183520#13\/48.0359\/7.4582\">un trajet v\u00e9lo a \u00e9t\u00e9 d\u00e9finit<\/a> pour s&rsquo;y rendre.<\/p>\n\n\n<div class=\"wp-block-image\">\n<figure class=\"aligncenter size-large is-resized\"><img loading=\"lazy\" decoding=\"async\" width=\"1024\" height=\"447\" src=\"http:\/\/www.fabienm.eu\/wordpress\/wp-content\/uploads\/2024\/04\/Capture-decran-du-2024-04-07-17-05-32-1024x447.png\" alt=\"\" class=\"wp-image-2300\" style=\"width:669px;height:auto\" srcset=\"http:\/\/www.fabienm.eu\/wordpress\/wp-content\/uploads\/2024\/04\/Capture-decran-du-2024-04-07-17-05-32-1024x447.png 1024w, http:\/\/www.fabienm.eu\/wordpress\/wp-content\/uploads\/2024\/04\/Capture-decran-du-2024-04-07-17-05-32-300x131.png 300w, http:\/\/www.fabienm.eu\/wordpress\/wp-content\/uploads\/2024\/04\/Capture-decran-du-2024-04-07-17-05-32-768x335.png 768w, http:\/\/www.fabienm.eu\/wordpress\/wp-content\/uploads\/2024\/04\/Capture-decran-du-2024-04-07-17-05-32-1536x670.png 1536w, http:\/\/www.fabienm.eu\/wordpress\/wp-content\/uploads\/2024\/04\/Capture-decran-du-2024-04-07-17-05-32.png 1623w\" sizes=\"auto, (max-width: 1024px) 100vw, 1024px\" \/><figcaption class=\"wp-element-caption\">Le trajet v\u00e9lo pr\u00e9vu pour se rendre \u00e0 la cha\u00eene humaine du 14 avril.<\/figcaption><\/figure><\/div>\n\n\n<p>Il s&rsquo;agit donc de tester ce trajet en avance histoire d&rsquo;\u00eatre s\u00fbr de pouvoir guider tout le monde correctement.<\/p>\n\n\n\n<p>J&rsquo;ai donc mis mon r\u00e9veil (non) ce dimanche matin (7 avril) pour partir avec un v\u00e9lo cargo tricycle depuis le quartier des mara\u00eechers de Colmar (\u00e0 cot\u00e9 de l&rsquo;h\u00f4pital Schweitzer) d\u00e9part \u00e0 8h36.<\/p>\n\n\n\n<p>Je vous \u00e9pargne ici le trajet depuis la gare, ayant d\u00e9j\u00e0 trait\u00e9 la piste cyclable de la honte dans un pr\u00e9c\u00e9dent article il suffira de<a href=\"http:\/\/www.fabienm.eu\/wordpress\/2023\/01\/28\/colmar-la-piste-cyclable-de-la-honte\/\"> s&rsquo;y r\u00e9f\u00e9rer.<\/a><\/p>\n\n\n\n<h2 class=\"wp-block-heading\">De Colmar \u00e0 Sundhoffen, travers\u00e9e de la for\u00eat de l&rsquo;autoroute. (8h36)<\/h2>\n\n\n\n<figure class=\"wp-block-image size-full\"><img loading=\"lazy\" decoding=\"async\" width=\"937\" height=\"661\" src=\"http:\/\/www.fabienm.eu\/wordpress\/wp-content\/uploads\/2024\/04\/Capture-decran-du-2024-04-07-17-15-21.png\" alt=\"\" class=\"wp-image-2301\" srcset=\"http:\/\/www.fabienm.eu\/wordpress\/wp-content\/uploads\/2024\/04\/Capture-decran-du-2024-04-07-17-15-21.png 937w, http:\/\/www.fabienm.eu\/wordpress\/wp-content\/uploads\/2024\/04\/Capture-decran-du-2024-04-07-17-15-21-300x212.png 300w, http:\/\/www.fabienm.eu\/wordpress\/wp-content\/uploads\/2024\/04\/Capture-decran-du-2024-04-07-17-15-21-768x542.png 768w\" sizes=\"auto, (max-width: 937px) 100vw, 937px\" \/><figcaption class=\"wp-element-caption\">De Colmar \u00e0 Sundhoffen<\/figcaption><\/figure>\n\n\n\n<p>For\u00eat qui se pr\u00e9nomme plut\u00f4t la for\u00eat du Neuland. Mais elle est travers\u00e9e par l&rsquo;autoroute que l&rsquo;on entend un peu partout quand on s&rsquo;y balade.<\/p>\n\n\n\n<figure class=\"wp-block-image size-full\"><img loading=\"lazy\" decoding=\"async\" width=\"800\" height=\"600\" src=\"http:\/\/www.fabienm.eu\/wordpress\/wp-content\/uploads\/2024\/04\/chemin_du_dachstbuhl.jpg\" alt=\"\" class=\"wp-image-2302\" srcset=\"http:\/\/www.fabienm.eu\/wordpress\/wp-content\/uploads\/2024\/04\/chemin_du_dachstbuhl.jpg 800w, http:\/\/www.fabienm.eu\/wordpress\/wp-content\/uploads\/2024\/04\/chemin_du_dachstbuhl-300x225.jpg 300w, http:\/\/www.fabienm.eu\/wordpress\/wp-content\/uploads\/2024\/04\/chemin_du_dachstbuhl-768x576.jpg 768w\" sizes=\"auto, (max-width: 800px) 100vw, 800px\" \/><figcaption class=\"wp-element-caption\">\u00c0 l&rsquo;entr\u00e9e du chemin du Dachstbuhl on admirera la fin de zone 30&nbsp;qui se poursuit par une route limit\u00e9e &#8230; \u00e0 30 kmh. Bonjour la clart\u00e9 de l&rsquo;information.<\/figcaption><\/figure>\n\n\n\n<p>La travers\u00e9e de la for\u00eat se fait sans trop d&rsquo;encombre tout droit, une bonne partie est sans voiture et la sortie de la for\u00eat d\u00e9bouche sur une belle piste cyclable s\u00e9par\u00e9e de la route. On aime, on vous en parle.<\/p>\n\n\n<div class=\"wp-block-image\">\n<figure class=\"aligncenter size-full\"><img loading=\"lazy\" decoding=\"async\" width=\"600\" height=\"450\" src=\"http:\/\/www.fabienm.eu\/wordpress\/wp-content\/uploads\/2024\/04\/foret_neuland.jpg\" alt=\"\" class=\"wp-image-2303\" srcset=\"http:\/\/www.fabienm.eu\/wordpress\/wp-content\/uploads\/2024\/04\/foret_neuland.jpg 600w, http:\/\/www.fabienm.eu\/wordpress\/wp-content\/uploads\/2024\/04\/foret_neuland-300x225.jpg 300w\" sizes=\"auto, (max-width: 600px) 100vw, 600px\" \/><figcaption class=\"wp-element-caption\">Le chemin asphalt\u00e9 est un plaisir au petit matin. Une partie de la route est cependant un peu ab\u00eem\u00e9e par le passage des engins des forestiers de cet hiver.<\/figcaption><\/figure><\/div>\n\n<div class=\"wp-block-image\">\n<figure class=\"aligncenter size-full\"><img loading=\"lazy\" decoding=\"async\" width=\"600\" height=\"450\" src=\"http:\/\/www.fabienm.eu\/wordpress\/wp-content\/uploads\/2024\/04\/maison_du_neuland.jpg\" alt=\"\" class=\"wp-image-2304\" srcset=\"http:\/\/www.fabienm.eu\/wordpress\/wp-content\/uploads\/2024\/04\/maison_du_neuland.jpg 600w, http:\/\/www.fabienm.eu\/wordpress\/wp-content\/uploads\/2024\/04\/maison_du_neuland-300x225.jpg 300w\" sizes=\"auto, (max-width: 600px) 100vw, 600px\" \/><figcaption class=\"wp-element-caption\">La route sans voiture se termine \u00e0 la moiti\u00e9 de la for\u00eat, la suite se fera sur une route \u00e0 30km\/h (mais tr\u00e8s peu de voitures).<\/figcaption><\/figure><\/div>\n\n<div class=\"wp-block-image\">\n<figure class=\"aligncenter size-full\"><img loading=\"lazy\" decoding=\"async\" width=\"800\" height=\"600\" src=\"http:\/\/www.fabienm.eu\/wordpress\/wp-content\/uploads\/2024\/04\/sortie_neuland.jpg\" alt=\"\" class=\"wp-image-2305\" srcset=\"http:\/\/www.fabienm.eu\/wordpress\/wp-content\/uploads\/2024\/04\/sortie_neuland.jpg 800w, http:\/\/www.fabienm.eu\/wordpress\/wp-content\/uploads\/2024\/04\/sortie_neuland-300x225.jpg 300w, http:\/\/www.fabienm.eu\/wordpress\/wp-content\/uploads\/2024\/04\/sortie_neuland-768x576.jpg 768w\" sizes=\"auto, (max-width: 800px) 100vw, 800px\" \/><figcaption class=\"wp-element-caption\">\u00c0 la sortie du Neuland, la piste cyclable \u00ab\u00e0 l&rsquo;allemande\u00bb est correctement fl\u00e9ch\u00e9e. \u00c7a fait plaisir<\/figcaption><\/figure><\/div>\n\n<div class=\"wp-block-image\">\n<figure class=\"aligncenter size-full\"><img loading=\"lazy\" decoding=\"async\" width=\"800\" height=\"600\" src=\"http:\/\/www.fabienm.eu\/wordpress\/wp-content\/uploads\/2024\/04\/avant_sundhoffer_train.jpg\" alt=\"\" class=\"wp-image-2306\" srcset=\"http:\/\/www.fabienm.eu\/wordpress\/wp-content\/uploads\/2024\/04\/avant_sundhoffer_train.jpg 800w, http:\/\/www.fabienm.eu\/wordpress\/wp-content\/uploads\/2024\/04\/avant_sundhoffer_train-300x225.jpg 300w, http:\/\/www.fabienm.eu\/wordpress\/wp-content\/uploads\/2024\/04\/avant_sundhoffer_train-768x576.jpg 768w\" sizes=\"auto, (max-width: 800px) 100vw, 800px\" \/><figcaption class=\"wp-element-caption\">On commence \u00e0 apercevoir la ligne de chemin de fer Colmar-Freiburg ici. Cette \u00e9tendue de gravillons est \u00e9trange. Parking ?<\/figcaption><\/figure><\/div>\n\n<div class=\"wp-block-image\">\n<figure class=\"aligncenter size-full\"><img loading=\"lazy\" decoding=\"async\" width=\"600\" height=\"450\" src=\"http:\/\/www.fabienm.eu\/wordpress\/wp-content\/uploads\/2024\/04\/train_sundhoffen.jpg\" alt=\"\" class=\"wp-image-2307\" srcset=\"http:\/\/www.fabienm.eu\/wordpress\/wp-content\/uploads\/2024\/04\/train_sundhoffen.jpg 600w, http:\/\/www.fabienm.eu\/wordpress\/wp-content\/uploads\/2024\/04\/train_sundhoffen-300x225.jpg 300w\" sizes=\"auto, (max-width: 600px) 100vw, 600px\" \/><figcaption class=\"wp-element-caption\">Premi\u00e8re travers\u00e9e de la LT\u00c0D (Ligne de Train \u00c0 D\u00e9fendre)<\/figcaption><\/figure><\/div>\n\n\n<p>L&rsquo;arriv\u00e9e dans Sundhoffen est bien fl\u00e9ch\u00e9e et nous permet de nous rendre jusqu&rsquo;au pont du centre ville.<\/p>\n\n\n<div class=\"wp-block-image\">\n<figure class=\"aligncenter size-full\"><img loading=\"lazy\" decoding=\"async\" width=\"600\" height=\"450\" src=\"http:\/\/www.fabienm.eu\/wordpress\/wp-content\/uploads\/2024\/04\/pont_sundhoffen.jpg\" alt=\"\" class=\"wp-image-2309\" srcset=\"http:\/\/www.fabienm.eu\/wordpress\/wp-content\/uploads\/2024\/04\/pont_sundhoffen.jpg 600w, http:\/\/www.fabienm.eu\/wordpress\/wp-content\/uploads\/2024\/04\/pont_sundhoffen-300x225.jpg 300w\" sizes=\"auto, (max-width: 600px) 100vw, 600px\" \/><figcaption class=\"wp-element-caption\">Le pont de la Grand rue sur l&rsquo;Ill poss\u00e8de une piste cyclable. L&rsquo;entr\u00e9e n&rsquo;est pas \u00e9vidente dans ce sens l\u00e0 mais la piste est bien.<\/figcaption><\/figure><\/div>\n\n\n<h2 class=\"wp-block-heading\">De Sundhoffen \u00e0 Appenwihr (9h00)<\/h2>\n\n\n\n<p>Jusqu&rsquo;ici, le trajet \u00e9tait bien balis\u00e9 et assez \u00abpropre\u00bb.<\/p>\n\n\n\n<figure class=\"wp-block-image size-full\"><img loading=\"lazy\" decoding=\"async\" width=\"911\" height=\"830\" src=\"http:\/\/www.fabienm.eu\/wordpress\/wp-content\/uploads\/2024\/04\/Capture-decran-du-2024-04-07-21-09-54.png\" alt=\"\" class=\"wp-image-2319\" srcset=\"http:\/\/www.fabienm.eu\/wordpress\/wp-content\/uploads\/2024\/04\/Capture-decran-du-2024-04-07-21-09-54.png 911w, http:\/\/www.fabienm.eu\/wordpress\/wp-content\/uploads\/2024\/04\/Capture-decran-du-2024-04-07-21-09-54-300x273.png 300w, http:\/\/www.fabienm.eu\/wordpress\/wp-content\/uploads\/2024\/04\/Capture-decran-du-2024-04-07-21-09-54-768x700.png 768w\" sizes=\"auto, (max-width: 911px) 100vw, 911px\" \/><figcaption class=\"wp-element-caption\">N&rsquo;en d\u00e9plaise aux pointill\u00e9s, la route est asphalt\u00e9.<\/figcaption><\/figure>\n\n\n\n<p>C&rsquo;est \u00e0 partir de maintenant que l&rsquo;on va chercher \u00e0 contourner la D13 pour \u00e9viter le plus possible de se faire agresser par des automobilistes. Il va falloir conna\u00eetre un peu pour retrouver la continuit\u00e9 cyclable.<\/p>\n\n\n<div class=\"wp-block-image\">\n<figure class=\"aligncenter size-full\"><img loading=\"lazy\" decoding=\"async\" width=\"600\" height=\"450\" src=\"http:\/\/www.fabienm.eu\/wordpress\/wp-content\/uploads\/2024\/04\/sundhoffen_sortie_de_pont.jpg\" alt=\"\" class=\"wp-image-2312\" srcset=\"http:\/\/www.fabienm.eu\/wordpress\/wp-content\/uploads\/2024\/04\/sundhoffen_sortie_de_pont.jpg 600w, http:\/\/www.fabienm.eu\/wordpress\/wp-content\/uploads\/2024\/04\/sundhoffen_sortie_de_pont-300x225.jpg 300w\" sizes=\"auto, (max-width: 600px) 100vw, 600px\" \/><figcaption class=\"wp-element-caption\">Attention ici, il ne faut pas tourner compl\u00e8tement \u00e0 droite pour aller sur la digue. Il faut prendre la rue de Logelheim avec la piste cyclable visible au centre gauche sur la photo.<\/figcaption><\/figure><\/div>\n\n<div class=\"wp-block-image\">\n<figure class=\"aligncenter size-full\"><img loading=\"lazy\" decoding=\"async\" width=\"600\" height=\"450\" src=\"http:\/\/www.fabienm.eu\/wordpress\/wp-content\/uploads\/2024\/04\/sortie_sundhoffen.jpg\" alt=\"\" class=\"wp-image-2314\" srcset=\"http:\/\/www.fabienm.eu\/wordpress\/wp-content\/uploads\/2024\/04\/sortie_sundhoffen.jpg 600w, http:\/\/www.fabienm.eu\/wordpress\/wp-content\/uploads\/2024\/04\/sortie_sundhoffen-300x225.jpg 300w\" sizes=\"auto, (max-width: 600px) 100vw, 600px\" \/><figcaption class=\"wp-element-caption\">Le chemin est de type \u00abroute de campagne\u00bb et parfaitement lisse\/asphalt\u00e9<\/figcaption><\/figure><\/div>\n\n<div class=\"wp-block-image\">\n<figure class=\"aligncenter size-full\"><img loading=\"lazy\" decoding=\"async\" width=\"600\" height=\"450\" src=\"http:\/\/www.fabienm.eu\/wordpress\/wp-content\/uploads\/2024\/04\/croisement_sundhoffen.jpg\" alt=\"\" class=\"wp-image-2315\" srcset=\"http:\/\/www.fabienm.eu\/wordpress\/wp-content\/uploads\/2024\/04\/croisement_sundhoffen.jpg 600w, http:\/\/www.fabienm.eu\/wordpress\/wp-content\/uploads\/2024\/04\/croisement_sundhoffen-300x225.jpg 300w\" sizes=\"auto, (max-width: 600px) 100vw, 600px\" \/><figcaption class=\"wp-element-caption\">Il faut rouler tout droit jusqu&rsquo;\u00e0 atteindre le marquage au sol qui nous indique de tourner \u00e0 gauche vers Appenwihr<\/figcaption><\/figure><\/div>\n\n\n<figure class=\"wp-block-image size-large\"><img loading=\"lazy\" decoding=\"async\" width=\"1024\" height=\"457\" src=\"http:\/\/www.fabienm.eu\/wordpress\/wp-content\/uploads\/2024\/04\/croisement_sundhoffen_panneaux-1024x457.jpg\" alt=\"\" class=\"wp-image-2317\" srcset=\"http:\/\/www.fabienm.eu\/wordpress\/wp-content\/uploads\/2024\/04\/croisement_sundhoffen_panneaux-1024x457.jpg 1024w, http:\/\/www.fabienm.eu\/wordpress\/wp-content\/uploads\/2024\/04\/croisement_sundhoffen_panneaux-300x134.jpg 300w, http:\/\/www.fabienm.eu\/wordpress\/wp-content\/uploads\/2024\/04\/croisement_sundhoffen_panneaux-768x343.jpg 768w, http:\/\/www.fabienm.eu\/wordpress\/wp-content\/uploads\/2024\/04\/croisement_sundhoffen_panneaux.jpg 1200w\" sizes=\"auto, (max-width: 1024px) 100vw, 1024px\" \/><figcaption class=\"wp-element-caption\">Un panneau que l&rsquo;on ne croise pas souvent \u00e0 Colmar. Mais si vous pouvez mettre un outils de labour derri\u00e8re votre v\u00e9lo \u00e7a sera encore mieux.<\/figcaption><\/figure>\n\n\n<div class=\"wp-block-image\">\n<figure class=\"aligncenter size-full\"><img loading=\"lazy\" decoding=\"async\" width=\"600\" height=\"450\" src=\"http:\/\/www.fabienm.eu\/wordpress\/wp-content\/uploads\/2024\/04\/appenwihr_centre.jpg\" alt=\"\" class=\"wp-image-2322\" srcset=\"http:\/\/www.fabienm.eu\/wordpress\/wp-content\/uploads\/2024\/04\/appenwihr_centre.jpg 600w, http:\/\/www.fabienm.eu\/wordpress\/wp-content\/uploads\/2024\/04\/appenwihr_centre-300x225.jpg 300w\" sizes=\"auto, (max-width: 600px) 100vw, 600px\" \/><figcaption class=\"wp-element-caption\">Le centre ville d&rsquo;Appenwihr<\/figcaption><\/figure><\/div>\n\n\n<h2 class=\"wp-block-heading\">D&rsquo;Appenwihr \u00e0 Wolfgantzen, jouons au petit chaperon rouge (9h17)<\/h2>\n\n\n\n<p>Comme le petit chaperon rouge, il faudra traverser la for\u00eat du loup (ou plut\u00f4t des chasseurs) pour amener le petit pot de lait \u00e0 Wolfgantzen. Chercher \u00e0 \u00e9viter la D13 s&rsquo;est av\u00e9r\u00e9 un peu plus compliqu\u00e9 sur ce tron\u00e7on, peut-\u00eatre que la route fonctionnerait, surtout un dimanche matin.<\/p>\n\n\n<div class=\"wp-block-image\">\n<figure class=\"aligncenter size-large\"><img loading=\"lazy\" decoding=\"async\" width=\"1024\" height=\"322\" src=\"http:\/\/www.fabienm.eu\/wordpress\/wp-content\/uploads\/2024\/04\/Capture-decran-du-2024-04-07-21-11-28-1024x322.png\" alt=\"\" class=\"wp-image-2321\" srcset=\"http:\/\/www.fabienm.eu\/wordpress\/wp-content\/uploads\/2024\/04\/Capture-decran-du-2024-04-07-21-11-28-1024x322.png 1024w, http:\/\/www.fabienm.eu\/wordpress\/wp-content\/uploads\/2024\/04\/Capture-decran-du-2024-04-07-21-11-28-300x94.png 300w, http:\/\/www.fabienm.eu\/wordpress\/wp-content\/uploads\/2024\/04\/Capture-decran-du-2024-04-07-21-11-28-768x241.png 768w, http:\/\/www.fabienm.eu\/wordpress\/wp-content\/uploads\/2024\/04\/Capture-decran-du-2024-04-07-21-11-28-1536x482.png 1536w, http:\/\/www.fabienm.eu\/wordpress\/wp-content\/uploads\/2024\/04\/Capture-decran-du-2024-04-07-21-11-28.png 1713w\" sizes=\"auto, (max-width: 1024px) 100vw, 1024px\" \/><figcaption class=\"wp-element-caption\">Travers\u00e9 de la for\u00eat des chasseurs<\/figcaption><\/figure><\/div>\n\n<div class=\"wp-block-image\">\n<figure class=\"aligncenter size-large\"><img loading=\"lazy\" decoding=\"async\" width=\"1024\" height=\"441\" src=\"http:\/\/www.fabienm.eu\/wordpress\/wp-content\/uploads\/2024\/04\/rue_dla_douche-1024x441.jpg\" alt=\"\" class=\"wp-image-2324\" srcset=\"http:\/\/www.fabienm.eu\/wordpress\/wp-content\/uploads\/2024\/04\/rue_dla_douche-1024x441.jpg 1024w, http:\/\/www.fabienm.eu\/wordpress\/wp-content\/uploads\/2024\/04\/rue_dla_douche-300x129.jpg 300w, http:\/\/www.fabienm.eu\/wordpress\/wp-content\/uploads\/2024\/04\/rue_dla_douche-768x330.jpg 768w, http:\/\/www.fabienm.eu\/wordpress\/wp-content\/uploads\/2024\/04\/rue_dla_douche-1536x661.jpg 1536w, http:\/\/www.fabienm.eu\/wordpress\/wp-content\/uploads\/2024\/04\/rue_dla_douche-2048x881.jpg 2048w\" sizes=\"auto, (max-width: 1024px) 100vw, 1024px\" \/><figcaption class=\"wp-element-caption\">Chemin qui m\u00e8ne \u00e0 la for\u00eat du Kastenwald. Surnomm\u00e9 la rue des douches gratuites gr\u00e2ce aux arroseurs post\u00e9s tout le long.<\/figcaption><\/figure><\/div>\n\n\n<p>Le chemin qui m\u00e8ne \u00e0 la for\u00eat est asphalt\u00e9 mais moins lisse puis finit en chemin de terre \u00abpas trop lisse mais \u00e7a va\u00bb. La crois\u00e9e des chemins se fait au bout.<\/p>\n\n\n<div class=\"wp-block-image\">\n<figure class=\"aligncenter size-full\"><img loading=\"lazy\" decoding=\"async\" width=\"600\" height=\"450\" src=\"http:\/\/www.fabienm.eu\/wordpress\/wp-content\/uploads\/2024\/04\/entree_foret_kastenwald.jpg\" alt=\"\" class=\"wp-image-2326\" srcset=\"http:\/\/www.fabienm.eu\/wordpress\/wp-content\/uploads\/2024\/04\/entree_foret_kastenwald.jpg 600w, http:\/\/www.fabienm.eu\/wordpress\/wp-content\/uploads\/2024\/04\/entree_foret_kastenwald-300x225.jpg 300w\" sizes=\"auto, (max-width: 600px) 100vw, 600px\" \/><figcaption class=\"wp-element-caption\">Nous bifurquerons \u00e0 droite pour prendre ensuite la premi\u00e8re intersection \u00e0 gauche et nous enfoncer dans la for\u00eat.<\/figcaption><\/figure><\/div>\n\n\n<p>Peut-\u00eatre qu&rsquo;\u00e0 cet endroit il serai plus judicieux de prendre \u00e0 gauche pour se mettre sur la D13 jusqu&rsquo;\u00e0 Wolfgantzen.<\/p>\n\n\n<div class=\"wp-block-image\">\n<figure class=\"aligncenter size-full\"><img loading=\"lazy\" decoding=\"async\" width=\"600\" height=\"450\" src=\"http:\/\/www.fabienm.eu\/wordpress\/wp-content\/uploads\/2024\/04\/chemin_de_terre_kastenwald.jpg\" alt=\"\" class=\"wp-image-2328\" srcset=\"http:\/\/www.fabienm.eu\/wordpress\/wp-content\/uploads\/2024\/04\/chemin_de_terre_kastenwald.jpg 600w, http:\/\/www.fabienm.eu\/wordpress\/wp-content\/uploads\/2024\/04\/chemin_de_terre_kastenwald-300x225.jpg 300w\" sizes=\"auto, (max-width: 600px) 100vw, 600px\" \/><figcaption class=\"wp-element-caption\">Alors l\u00e0 on est carr\u00e9ment dans du chemin de terre. \u00c7a devient difficile avec un v\u00e9lo cargo, mais \u00e7a passe &#8230; au ralenti (~8km\/h)<\/figcaption><\/figure><\/div>\n\n<div class=\"wp-block-image\">\n<figure class=\"aligncenter size-large\"><img loading=\"lazy\" decoding=\"async\" width=\"1024\" height=\"631\" src=\"http:\/\/www.fabienm.eu\/wordpress\/wp-content\/uploads\/2024\/04\/entree_kastenwald-1024x631.jpg\" alt=\"\" class=\"wp-image-2329\" srcset=\"http:\/\/www.fabienm.eu\/wordpress\/wp-content\/uploads\/2024\/04\/entree_kastenwald-1024x631.jpg 1024w, http:\/\/www.fabienm.eu\/wordpress\/wp-content\/uploads\/2024\/04\/entree_kastenwald-300x185.jpg 300w, http:\/\/www.fabienm.eu\/wordpress\/wp-content\/uploads\/2024\/04\/entree_kastenwald-768x474.jpg 768w, http:\/\/www.fabienm.eu\/wordpress\/wp-content\/uploads\/2024\/04\/entree_kastenwald.jpg 1200w\" sizes=\"auto, (max-width: 1024px) 100vw, 1024px\" \/><figcaption class=\"wp-element-caption\">Les panneaux ne sont pas hyper rassurants, mais tant que vous n&rsquo;avez pas de moteur (thermique !) \u00e7a va.<\/figcaption><\/figure><\/div>\n\n<div class=\"wp-block-image\">\n<figure class=\"aligncenter size-full\"><img loading=\"lazy\" decoding=\"async\" width=\"600\" height=\"450\" src=\"http:\/\/www.fabienm.eu\/wordpress\/wp-content\/uploads\/2024\/04\/croisement_kastenwald.jpg\" alt=\"\" class=\"wp-image-2331\" srcset=\"http:\/\/www.fabienm.eu\/wordpress\/wp-content\/uploads\/2024\/04\/croisement_kastenwald.jpg 600w, http:\/\/www.fabienm.eu\/wordpress\/wp-content\/uploads\/2024\/04\/croisement_kastenwald-300x225.jpg 300w\" sizes=\"auto, (max-width: 600px) 100vw, 600px\" \/><figcaption class=\"wp-element-caption\">Nope faut pas prendre \u00e0 droite mais continuer tout droit.<\/figcaption><\/figure><\/div>\n\n<div class=\"wp-block-image\">\n<figure class=\"aligncenter size-full\"><img loading=\"lazy\" decoding=\"async\" width=\"600\" height=\"450\" src=\"http:\/\/www.fabienm.eu\/wordpress\/wp-content\/uploads\/2024\/04\/maison_des_chasseurs.jpg\" alt=\"\" class=\"wp-image-2333\" srcset=\"http:\/\/www.fabienm.eu\/wordpress\/wp-content\/uploads\/2024\/04\/maison_des_chasseurs.jpg 600w, http:\/\/www.fabienm.eu\/wordpress\/wp-content\/uploads\/2024\/04\/maison_des_chasseurs-300x225.jpg 300w\" sizes=\"auto, (max-width: 600px) 100vw, 600px\" \/><figcaption class=\"wp-element-caption\">Maison de m\u00e8re-grand ou du loup ? Je dirais plut\u00f4t des chasseurs.<\/figcaption><\/figure><\/div>\n\n<div class=\"wp-block-image\">\n<figure class=\"aligncenter size-full\"><img loading=\"lazy\" decoding=\"async\" width=\"600\" height=\"450\" src=\"http:\/\/www.fabienm.eu\/wordpress\/wp-content\/uploads\/2024\/04\/kastenwald_tourne_a_droite.jpg\" alt=\"\" class=\"wp-image-2334\" srcset=\"http:\/\/www.fabienm.eu\/wordpress\/wp-content\/uploads\/2024\/04\/kastenwald_tourne_a_droite.jpg 600w, http:\/\/www.fabienm.eu\/wordpress\/wp-content\/uploads\/2024\/04\/kastenwald_tourne_a_droite-300x225.jpg 300w\" sizes=\"auto, (max-width: 600px) 100vw, 600px\" \/><figcaption class=\"wp-element-caption\">C&rsquo;est ici qu&rsquo;on va tourner \u00e0 droite<\/figcaption><\/figure><\/div>\n\n<div class=\"wp-block-image\">\n<figure class=\"aligncenter size-full\"><img loading=\"lazy\" decoding=\"async\" width=\"600\" height=\"450\" src=\"http:\/\/www.fabienm.eu\/wordpress\/wp-content\/uploads\/2024\/04\/tout_droit_kastenwald.jpg\" alt=\"\" class=\"wp-image-2335\" srcset=\"http:\/\/www.fabienm.eu\/wordpress\/wp-content\/uploads\/2024\/04\/tout_droit_kastenwald.jpg 600w, http:\/\/www.fabienm.eu\/wordpress\/wp-content\/uploads\/2024\/04\/tout_droit_kastenwald-300x225.jpg 300w\" sizes=\"auto, (max-width: 600px) 100vw, 600px\" \/><figcaption class=\"wp-element-caption\">pour se retrouver sur un chemin un peu plus praticable<\/figcaption><\/figure><\/div>\n\n<div class=\"wp-block-image\">\n<figure class=\"aligncenter size-full\"><img loading=\"lazy\" decoding=\"async\" width=\"600\" height=\"450\" src=\"http:\/\/www.fabienm.eu\/wordpress\/wp-content\/uploads\/2024\/04\/kastenwald_tourne_a_gauche.jpg\" alt=\"\" class=\"wp-image-2336\" srcset=\"http:\/\/www.fabienm.eu\/wordpress\/wp-content\/uploads\/2024\/04\/kastenwald_tourne_a_gauche.jpg 600w, http:\/\/www.fabienm.eu\/wordpress\/wp-content\/uploads\/2024\/04\/kastenwald_tourne_a_gauche-300x225.jpg 300w\" sizes=\"auto, (max-width: 600px) 100vw, 600px\" \/><figcaption class=\"wp-element-caption\">Et ici on tourne \u00e0 gauche&#8230;<\/figcaption><\/figure><\/div>\n\n<div class=\"wp-block-image\">\n<figure class=\"aligncenter size-full\"><img loading=\"lazy\" decoding=\"async\" width=\"600\" height=\"450\" src=\"http:\/\/www.fabienm.eu\/wordpress\/wp-content\/uploads\/2024\/04\/kastenwald_compostelle.jpg\" alt=\"\" class=\"wp-image-2337\" srcset=\"http:\/\/www.fabienm.eu\/wordpress\/wp-content\/uploads\/2024\/04\/kastenwald_compostelle.jpg 600w, http:\/\/www.fabienm.eu\/wordpress\/wp-content\/uploads\/2024\/04\/kastenwald_compostelle-300x225.jpg 300w\" sizes=\"auto, (max-width: 600px) 100vw, 600px\" \/><figcaption class=\"wp-element-caption\">&#8230;pour tourner le dos \u00e0 compostelle<\/figcaption><\/figure><\/div>\n\n\n<p>Arriv\u00e9 \u00e0 cet endroit la droite du chemin est parsem\u00e9 de panneaux d&rsquo;interdictions \u00abterrain militaire\u00bb, mais aucune barri\u00e8re ni cl\u00f4ture ne la d\u00e9limite. Ambiance ambiance. J&rsquo;esp\u00e8re ne pas sauter sur une mine.<\/p>\n\n\n<div class=\"wp-block-image\">\n<figure class=\"aligncenter size-full is-resized\"><img loading=\"lazy\" decoding=\"async\" width=\"600\" height=\"450\" src=\"http:\/\/www.fabienm.eu\/wordpress\/wp-content\/uploads\/2024\/04\/sortie_kastenwald.jpg\" alt=\"\" class=\"wp-image-2338\" style=\"width:600px;height:auto\" srcset=\"http:\/\/www.fabienm.eu\/wordpress\/wp-content\/uploads\/2024\/04\/sortie_kastenwald.jpg 600w, http:\/\/www.fabienm.eu\/wordpress\/wp-content\/uploads\/2024\/04\/sortie_kastenwald-300x225.jpg 300w\" sizes=\"auto, (max-width: 600px) 100vw, 600px\" \/><figcaption class=\"wp-element-caption\">La sortie de la for\u00eat n&rsquo;est pas hyper cool pour les cyclistes &#8230; mais \u00e7a passe en cargo tricycles.<\/figcaption><\/figure><\/div>\n\n<div class=\"wp-block-image\">\n<figure class=\"aligncenter size-full\"><img loading=\"lazy\" decoding=\"async\" width=\"600\" height=\"450\" src=\"http:\/\/www.fabienm.eu\/wordpress\/wp-content\/uploads\/2024\/04\/wolfgantzen_arrivee.jpg\" alt=\"\" class=\"wp-image-2340\" srcset=\"http:\/\/www.fabienm.eu\/wordpress\/wp-content\/uploads\/2024\/04\/wolfgantzen_arrivee.jpg 600w, http:\/\/www.fabienm.eu\/wordpress\/wp-content\/uploads\/2024\/04\/wolfgantzen_arrivee-300x225.jpg 300w\" sizes=\"auto, (max-width: 600px) 100vw, 600px\" \/><figcaption class=\"wp-element-caption\">Arriv\u00e9e sur Wolfgantzen<\/figcaption><\/figure><\/div>\n\n<div class=\"wp-block-image\">\n<figure class=\"aligncenter size-full\"><img loading=\"lazy\" decoding=\"async\" width=\"600\" height=\"450\" src=\"http:\/\/www.fabienm.eu\/wordpress\/wp-content\/uploads\/2024\/04\/wolfgantzen_centre.jpg\" alt=\"\" class=\"wp-image-2343\" srcset=\"http:\/\/www.fabienm.eu\/wordpress\/wp-content\/uploads\/2024\/04\/wolfgantzen_centre.jpg 600w, http:\/\/www.fabienm.eu\/wordpress\/wp-content\/uploads\/2024\/04\/wolfgantzen_centre-300x225.jpg 300w\" sizes=\"auto, (max-width: 600px) 100vw, 600px\" \/><figcaption class=\"wp-element-caption\">Wolfgantzen centre<\/figcaption><\/figure><\/div>\n\n\n<h2 class=\"wp-block-heading\">De Wolfgantzen \u00e0 Neuf-Brisach (9h46)<\/h2>\n\n\n<div class=\"wp-block-image\">\n<figure class=\"aligncenter size-large\"><img loading=\"lazy\" decoding=\"async\" width=\"1024\" height=\"760\" src=\"http:\/\/www.fabienm.eu\/wordpress\/wp-content\/uploads\/2024\/04\/Capture-decran-du-2024-04-07-21-51-20-1024x760.png\" alt=\"\" class=\"wp-image-2344\" srcset=\"http:\/\/www.fabienm.eu\/wordpress\/wp-content\/uploads\/2024\/04\/Capture-decran-du-2024-04-07-21-51-20-1024x760.png 1024w, http:\/\/www.fabienm.eu\/wordpress\/wp-content\/uploads\/2024\/04\/Capture-decran-du-2024-04-07-21-51-20-300x223.png 300w, http:\/\/www.fabienm.eu\/wordpress\/wp-content\/uploads\/2024\/04\/Capture-decran-du-2024-04-07-21-51-20-768x570.png 768w, http:\/\/www.fabienm.eu\/wordpress\/wp-content\/uploads\/2024\/04\/Capture-decran-du-2024-04-07-21-51-20.png 1088w\" sizes=\"auto, (max-width: 1024px) 100vw, 1024px\" \/><figcaption class=\"wp-element-caption\">Contrairement \u00e0 la trace indiqu\u00e9e ici, j&rsquo;ai pris par le centre de Neuf-Brisach (et bin c&rsquo;est moche !)<\/figcaption><\/figure><\/div>\n\n\n<p>On va retrouver ici notre ligne ferroviaire ch\u00e9rie pour rejoindre le centre de Neuf-Brisach.<\/p>\n\n\n\n<figure class=\"wp-block-image size-large\"><img loading=\"lazy\" decoding=\"async\" width=\"1024\" height=\"668\" src=\"http:\/\/www.fabienm.eu\/wordpress\/wp-content\/uploads\/2024\/04\/plan_wolfgantzen-1024x668.jpg\" alt=\"\" class=\"wp-image-2345\" srcset=\"http:\/\/www.fabienm.eu\/wordpress\/wp-content\/uploads\/2024\/04\/plan_wolfgantzen-1024x668.jpg 1024w, http:\/\/www.fabienm.eu\/wordpress\/wp-content\/uploads\/2024\/04\/plan_wolfgantzen-300x196.jpg 300w, http:\/\/www.fabienm.eu\/wordpress\/wp-content\/uploads\/2024\/04\/plan_wolfgantzen-768x501.jpg 768w, http:\/\/www.fabienm.eu\/wordpress\/wp-content\/uploads\/2024\/04\/plan_wolfgantzen-1536x1002.jpg 1536w, http:\/\/www.fabienm.eu\/wordpress\/wp-content\/uploads\/2024\/04\/plan_wolfgantzen.jpg 1600w\" sizes=\"auto, (max-width: 1024px) 100vw, 1024px\" \/><figcaption class=\"wp-element-caption\">Depuis la place de l&rsquo;\u00e9glise, il faut contourner l&rsquo;\u00e9glise par la gauche puis prendre la rue du Canal et la rue des artisans. (Concentrez vous bon sang, n&rsquo;essayez pas de voir mon reflet dans le panneau \ud83d\ude09<\/figcaption><\/figure>\n\n\n<div class=\"wp-block-image\">\n<figure class=\"aligncenter size-full\"><img loading=\"lazy\" decoding=\"async\" width=\"600\" height=\"450\" src=\"http:\/\/www.fabienm.eu\/wordpress\/wp-content\/uploads\/2024\/04\/passage_a_niveau_wolfgantzen.jpg\" alt=\"\" class=\"wp-image-2346\" srcset=\"http:\/\/www.fabienm.eu\/wordpress\/wp-content\/uploads\/2024\/04\/passage_a_niveau_wolfgantzen.jpg 600w, http:\/\/www.fabienm.eu\/wordpress\/wp-content\/uploads\/2024\/04\/passage_a_niveau_wolfgantzen-300x225.jpg 300w\" sizes=\"auto, (max-width: 600px) 100vw, 600px\" \/><figcaption class=\"wp-element-caption\">Le retour de la LT\u00c0D, qu&rsquo;il ne faut pas franchir.<\/figcaption><\/figure><\/div>\n\n<div class=\"wp-block-image\">\n<figure class=\"aligncenter size-full\"><img loading=\"lazy\" decoding=\"async\" width=\"600\" height=\"450\" src=\"http:\/\/www.fabienm.eu\/wordpress\/wp-content\/uploads\/2024\/04\/wolfgantzen_le_long_de_la_ligne.jpg\" alt=\"\" class=\"wp-image-2347\" srcset=\"http:\/\/www.fabienm.eu\/wordpress\/wp-content\/uploads\/2024\/04\/wolfgantzen_le_long_de_la_ligne.jpg 600w, http:\/\/www.fabienm.eu\/wordpress\/wp-content\/uploads\/2024\/04\/wolfgantzen_le_long_de_la_ligne-300x225.jpg 300w\" sizes=\"auto, (max-width: 600px) 100vw, 600px\" \/><figcaption class=\"wp-element-caption\">Le trajet est bien fl\u00e9ch\u00e9 ici<\/figcaption><\/figure><\/div>\n\n<div class=\"wp-block-image\">\n<figure class=\"aligncenter size-full\"><img loading=\"lazy\" decoding=\"async\" width=\"800\" height=\"586\" src=\"http:\/\/www.fabienm.eu\/wordpress\/wp-content\/uploads\/2024\/04\/wolfgantzen_panneau.jpg\" alt=\"\" class=\"wp-image-2348\" srcset=\"http:\/\/www.fabienm.eu\/wordpress\/wp-content\/uploads\/2024\/04\/wolfgantzen_panneau.jpg 800w, http:\/\/www.fabienm.eu\/wordpress\/wp-content\/uploads\/2024\/04\/wolfgantzen_panneau-300x220.jpg 300w, http:\/\/www.fabienm.eu\/wordpress\/wp-content\/uploads\/2024\/04\/wolfgantzen_panneau-768x563.jpg 768w\" sizes=\"auto, (max-width: 800px) 100vw, 800px\" \/><figcaption class=\"wp-element-caption\">\u00c7a passe en cargo la barri\u00e8re. Par contre, non je n&rsquo;irais pas \u00e0 30km\/h !<\/figcaption><\/figure><\/div>\n\n<div class=\"wp-block-image\">\n<figure class=\"aligncenter size-full\"><img loading=\"lazy\" decoding=\"async\" width=\"600\" height=\"450\" src=\"http:\/\/www.fabienm.eu\/wordpress\/wp-content\/uploads\/2024\/04\/tunnel_passage_ferroviaire.jpg\" alt=\"\" class=\"wp-image-2349\" srcset=\"http:\/\/www.fabienm.eu\/wordpress\/wp-content\/uploads\/2024\/04\/tunnel_passage_ferroviaire.jpg 600w, http:\/\/www.fabienm.eu\/wordpress\/wp-content\/uploads\/2024\/04\/tunnel_passage_ferroviaire-300x225.jpg 300w\" sizes=\"auto, (max-width: 600px) 100vw, 600px\" \/><figcaption class=\"wp-element-caption\">Passage sous la route pour le train et les v\u00e9los<\/figcaption><\/figure><\/div>\n\n<div class=\"wp-block-image\">\n<figure class=\"aligncenter size-large\"><img loading=\"lazy\" decoding=\"async\" width=\"1024\" height=\"632\" src=\"http:\/\/www.fabienm.eu\/wordpress\/wp-content\/uploads\/2024\/04\/neuf_brisach_allumez_feu-1024x632.jpg\" alt=\"\" class=\"wp-image-2350\" srcset=\"http:\/\/www.fabienm.eu\/wordpress\/wp-content\/uploads\/2024\/04\/neuf_brisach_allumez_feu-1024x632.jpg 1024w, http:\/\/www.fabienm.eu\/wordpress\/wp-content\/uploads\/2024\/04\/neuf_brisach_allumez_feu-300x185.jpg 300w, http:\/\/www.fabienm.eu\/wordpress\/wp-content\/uploads\/2024\/04\/neuf_brisach_allumez_feu-768x474.jpg 768w, http:\/\/www.fabienm.eu\/wordpress\/wp-content\/uploads\/2024\/04\/neuf_brisach_allumez_feu.jpg 1500w\" sizes=\"auto, (max-width: 1024px) 100vw, 1024px\" \/><figcaption class=\"wp-element-caption\">Porte d&rsquo;entr\u00e9e de Neuf-Brisach, j&rsquo;esp\u00e8re que vous avez vos lumi\u00e8res.<\/figcaption><\/figure><\/div>\n\n\n<figure class=\"wp-block-image size-full\"><img loading=\"lazy\" decoding=\"async\" width=\"600\" height=\"450\" src=\"http:\/\/www.fabienm.eu\/wordpress\/wp-content\/uploads\/2024\/04\/neuf_brisach_centre.jpg\" alt=\"\" class=\"wp-image-2351\" srcset=\"http:\/\/www.fabienm.eu\/wordpress\/wp-content\/uploads\/2024\/04\/neuf_brisach_centre.jpg 600w, http:\/\/www.fabienm.eu\/wordpress\/wp-content\/uploads\/2024\/04\/neuf_brisach_centre-300x225.jpg 300w\" sizes=\"auto, (max-width: 600px) 100vw, 600px\" \/><figcaption class=\"wp-element-caption\">Centre de Neuf-Brisach<\/figcaption><\/figure>\n\n\n\n<p>Neuf-Brisach est une ville \u00e9tonnante. C&rsquo;est une ville moche mais entour\u00e9e par de tr\u00e8s beaux remparts Vauban. Le centre n&rsquo;a pas beaucoup d&rsquo;int\u00e9r\u00eats, il vaut mieux en faire le tour.<\/p>\n\n\n\n<h2 class=\"wp-block-heading\">De Neuf-Brisach \u00e0 ArtRhena (10h00)<\/h2>\n\n\n\n<p>Ici pas la peine de tenter de prendre la D415, c&rsquo;est quasiment une autoroute. Il va falloir tourner autour.<\/p>\n\n\n\n<figure class=\"wp-block-image size-large\"><img loading=\"lazy\" decoding=\"async\" width=\"1024\" height=\"387\" src=\"http:\/\/www.fabienm.eu\/wordpress\/wp-content\/uploads\/2024\/04\/Capture-decran-du-2024-04-07-22-12-17-1024x387.png\" alt=\"\" class=\"wp-image-2352\" srcset=\"http:\/\/www.fabienm.eu\/wordpress\/wp-content\/uploads\/2024\/04\/Capture-decran-du-2024-04-07-22-12-17-1024x387.png 1024w, http:\/\/www.fabienm.eu\/wordpress\/wp-content\/uploads\/2024\/04\/Capture-decran-du-2024-04-07-22-12-17-300x113.png 300w, http:\/\/www.fabienm.eu\/wordpress\/wp-content\/uploads\/2024\/04\/Capture-decran-du-2024-04-07-22-12-17-768x290.png 768w, http:\/\/www.fabienm.eu\/wordpress\/wp-content\/uploads\/2024\/04\/Capture-decran-du-2024-04-07-22-12-17-1536x580.png 1536w, http:\/\/www.fabienm.eu\/wordpress\/wp-content\/uploads\/2024\/04\/Capture-decran-du-2024-04-07-22-12-17.png 1592w\" sizes=\"auto, (max-width: 1024px) 100vw, 1024px\" \/><figcaption class=\"wp-element-caption\">Le trajet peut sembler compliqu\u00e9 ici, mais c&rsquo;est pas trop mal fl\u00e9ch\u00e9s<\/figcaption><\/figure>\n\n\n<div class=\"wp-block-image\">\n<figure class=\"aligncenter size-full\"><img loading=\"lazy\" decoding=\"async\" width=\"600\" height=\"450\" src=\"http:\/\/www.fabienm.eu\/wordpress\/wp-content\/uploads\/2024\/04\/sortie_neuf_brisach.jpg\" alt=\"\" class=\"wp-image-2353\" srcset=\"http:\/\/www.fabienm.eu\/wordpress\/wp-content\/uploads\/2024\/04\/sortie_neuf_brisach.jpg 600w, http:\/\/www.fabienm.eu\/wordpress\/wp-content\/uploads\/2024\/04\/sortie_neuf_brisach-300x225.jpg 300w\" sizes=\"auto, (max-width: 600px) 100vw, 600px\" \/><figcaption class=\"wp-element-caption\">\u00c0 la sortie de Neuf-Brisach la piste cyclable nous am\u00e8ne sur le trottoir. Trottoir qui est relativement large mais fr\u00e9quent\u00e9.<\/figcaption><\/figure><\/div>\n\n<div class=\"wp-block-image\">\n<figure class=\"aligncenter size-full\"><img loading=\"lazy\" decoding=\"async\" width=\"600\" height=\"450\" src=\"http:\/\/www.fabienm.eu\/wordpress\/wp-content\/uploads\/2024\/04\/sortie_neuf_brisach_trottoir.jpg\" alt=\"\" class=\"wp-image-2354\" srcset=\"http:\/\/www.fabienm.eu\/wordpress\/wp-content\/uploads\/2024\/04\/sortie_neuf_brisach_trottoir.jpg 600w, http:\/\/www.fabienm.eu\/wordpress\/wp-content\/uploads\/2024\/04\/sortie_neuf_brisach_trottoir-300x225.jpg 300w\" sizes=\"auto, (max-width: 600px) 100vw, 600px\" \/><figcaption class=\"wp-element-caption\">Trottoir<\/figcaption><\/figure><\/div>\n\n<div class=\"wp-block-image\">\n<figure class=\"aligncenter size-full\"><img loading=\"lazy\" decoding=\"async\" width=\"600\" height=\"450\" src=\"http:\/\/www.fabienm.eu\/wordpress\/wp-content\/uploads\/2024\/04\/pont_volgelsheim.jpg\" alt=\"\" class=\"wp-image-2355\" srcset=\"http:\/\/www.fabienm.eu\/wordpress\/wp-content\/uploads\/2024\/04\/pont_volgelsheim.jpg 600w, http:\/\/www.fabienm.eu\/wordpress\/wp-content\/uploads\/2024\/04\/pont_volgelsheim-300x225.jpg 300w\" sizes=\"auto, (max-width: 600px) 100vw, 600px\" \/><figcaption class=\"wp-element-caption\">Le pont<\/figcaption><\/figure><\/div>\n\n\n<p>\u00c0 partir de cet endroit je me suis plant\u00e9 de chemin (par rapport \u00e0 la trace). Je suis descendu par Algosheim pour remonter le long de la D415 ensuite. Mais le chemin \u00e9tait bien balis\u00e9 et surtout compos\u00e9 de piste cyclables.<\/p>\n\n\n<div class=\"wp-block-image\">\n<figure class=\"aligncenter size-full\"><img loading=\"lazy\" decoding=\"async\" width=\"600\" height=\"450\" src=\"http:\/\/www.fabienm.eu\/wordpress\/wp-content\/uploads\/2024\/04\/route_50km.jpg\" alt=\"\" class=\"wp-image-2356\" srcset=\"http:\/\/www.fabienm.eu\/wordpress\/wp-content\/uploads\/2024\/04\/route_50km.jpg 600w, http:\/\/www.fabienm.eu\/wordpress\/wp-content\/uploads\/2024\/04\/route_50km-300x225.jpg 300w\" sizes=\"auto, (max-width: 600px) 100vw, 600px\" \/><figcaption class=\"wp-element-caption\">De retour sur la route vers Vogelgrun, en parall\u00e8le de la D415<\/figcaption><\/figure><\/div>\n\n<div class=\"wp-block-image\">\n<figure class=\"aligncenter size-full\"><img loading=\"lazy\" decoding=\"async\" width=\"600\" height=\"450\" src=\"http:\/\/www.fabienm.eu\/wordpress\/wp-content\/uploads\/2024\/04\/vogelgrun_bifurque.jpg\" alt=\"\" class=\"wp-image-2357\" srcset=\"http:\/\/www.fabienm.eu\/wordpress\/wp-content\/uploads\/2024\/04\/vogelgrun_bifurque.jpg 600w, http:\/\/www.fabienm.eu\/wordpress\/wp-content\/uploads\/2024\/04\/vogelgrun_bifurque-300x225.jpg 300w\" sizes=\"auto, (max-width: 600px) 100vw, 600px\" \/><figcaption class=\"wp-element-caption\">Ouf un panneau v\u00e9lo<\/figcaption><\/figure><\/div>\n\n<div class=\"wp-block-image\">\n<figure class=\"aligncenter size-full\"><img loading=\"lazy\" decoding=\"async\" width=\"600\" height=\"450\" src=\"http:\/\/www.fabienm.eu\/wordpress\/wp-content\/uploads\/2024\/04\/panneau_allemagne.jpg\" alt=\"\" class=\"wp-image-2358\" srcset=\"http:\/\/www.fabienm.eu\/wordpress\/wp-content\/uploads\/2024\/04\/panneau_allemagne.jpg 600w, http:\/\/www.fabienm.eu\/wordpress\/wp-content\/uploads\/2024\/04\/panneau_allemagne-300x225.jpg 300w\" sizes=\"auto, (max-width: 600px) 100vw, 600px\" \/><figcaption class=\"wp-element-caption\">Cette fois c&rsquo;est s\u00fbr c&rsquo;est le bon chemin<\/figcaption><\/figure><\/div>\n\n<div class=\"wp-block-image\">\n<figure class=\"aligncenter size-full\"><img loading=\"lazy\" decoding=\"async\" width=\"600\" height=\"475\" src=\"http:\/\/www.fabienm.eu\/wordpress\/wp-content\/uploads\/2024\/04\/passage_sans_scooter.jpg\" alt=\"\" class=\"wp-image-2359\" srcset=\"http:\/\/www.fabienm.eu\/wordpress\/wp-content\/uploads\/2024\/04\/passage_sans_scooter.jpg 600w, http:\/\/www.fabienm.eu\/wordpress\/wp-content\/uploads\/2024\/04\/passage_sans_scooter-300x238.jpg 300w\" sizes=\"auto, (max-width: 600px) 100vw, 600px\" \/><figcaption class=\"wp-element-caption\">Mais oui, \u00e7a passe en cargo tricycle !<\/figcaption><\/figure><\/div>\n\n<div class=\"wp-block-image\">\n<figure class=\"aligncenter size-full\"><img loading=\"lazy\" decoding=\"async\" width=\"600\" height=\"450\" src=\"http:\/\/www.fabienm.eu\/wordpress\/wp-content\/uploads\/2024\/04\/arrivee_centrale.jpg\" alt=\"\" class=\"wp-image-2360\" srcset=\"http:\/\/www.fabienm.eu\/wordpress\/wp-content\/uploads\/2024\/04\/arrivee_centrale.jpg 600w, http:\/\/www.fabienm.eu\/wordpress\/wp-content\/uploads\/2024\/04\/arrivee_centrale-300x225.jpg 300w\" sizes=\"auto, (max-width: 600px) 100vw, 600px\" \/><figcaption class=\"wp-element-caption\">On y est presque, l&rsquo;entr\u00e9e du passage cyclable est donn\u00e9 par le panneau (carr\u00e9) au centre<\/figcaption><\/figure><\/div>\n\n<div class=\"wp-block-image\">\n<figure class=\"aligncenter size-full\"><img loading=\"lazy\" decoding=\"async\" width=\"600\" height=\"450\" src=\"http:\/\/www.fabienm.eu\/wordpress\/wp-content\/uploads\/2024\/04\/arrivee_sur_le_barrage.jpg\" alt=\"\" class=\"wp-image-2361\" srcset=\"http:\/\/www.fabienm.eu\/wordpress\/wp-content\/uploads\/2024\/04\/arrivee_sur_le_barrage.jpg 600w, http:\/\/www.fabienm.eu\/wordpress\/wp-content\/uploads\/2024\/04\/arrivee_sur_le_barrage-300x225.jpg 300w\" sizes=\"auto, (max-width: 600px) 100vw, 600px\" \/><figcaption class=\"wp-element-caption\">\u00c7a monte mais on y est.<\/figcaption><\/figure><\/div>\n\n<div class=\"wp-block-image\">\n<figure class=\"aligncenter size-large\"><img loading=\"lazy\" decoding=\"async\" width=\"1024\" height=\"315\" src=\"http:\/\/www.fabienm.eu\/wordpress\/wp-content\/uploads\/2024\/04\/P1090684-1024x315.jpg\" alt=\"\" class=\"wp-image-2362\" srcset=\"http:\/\/www.fabienm.eu\/wordpress\/wp-content\/uploads\/2024\/04\/P1090684-1024x315.jpg 1024w, http:\/\/www.fabienm.eu\/wordpress\/wp-content\/uploads\/2024\/04\/P1090684-300x92.jpg 300w, http:\/\/www.fabienm.eu\/wordpress\/wp-content\/uploads\/2024\/04\/P1090684-768x236.jpg 768w, http:\/\/www.fabienm.eu\/wordpress\/wp-content\/uploads\/2024\/04\/P1090684-1536x472.jpg 1536w, http:\/\/www.fabienm.eu\/wordpress\/wp-content\/uploads\/2024\/04\/P1090684-2048x630.jpg 2048w\" sizes=\"auto, (max-width: 1024px) 100vw, 1024px\" \/><figcaption class=\"wp-element-caption\">Le barrage<\/figcaption><\/figure><\/div>\n\n<div class=\"wp-block-image\">\n<figure class=\"aligncenter size-full\"><img loading=\"lazy\" decoding=\"async\" width=\"800\" height=\"600\" src=\"http:\/\/www.fabienm.eu\/wordpress\/wp-content\/uploads\/2024\/04\/frontiere.jpg\" alt=\"\" class=\"wp-image-2363\" srcset=\"http:\/\/www.fabienm.eu\/wordpress\/wp-content\/uploads\/2024\/04\/frontiere.jpg 800w, http:\/\/www.fabienm.eu\/wordpress\/wp-content\/uploads\/2024\/04\/frontiere-300x225.jpg 300w, http:\/\/www.fabienm.eu\/wordpress\/wp-content\/uploads\/2024\/04\/frontiere-768x576.jpg 768w\" sizes=\"auto, (max-width: 800px) 100vw, 800px\" \/><figcaption class=\"wp-element-caption\">Passage de l&rsquo;\u00e9cluse et de la fronti\u00e8re<\/figcaption><\/figure><\/div>\n\n\n<h2 class=\"wp-block-heading\">Arriv\u00e9e \u00e0 ArtRhena (10h36)<\/h2>\n\n\n<div class=\"wp-block-image\">\n<figure class=\"aligncenter size-large\"><img loading=\"lazy\" decoding=\"async\" width=\"1024\" height=\"768\" src=\"http:\/\/www.fabienm.eu\/wordpress\/wp-content\/uploads\/2024\/04\/apero-1024x768.jpg\" alt=\"\" class=\"wp-image-2364\" srcset=\"http:\/\/www.fabienm.eu\/wordpress\/wp-content\/uploads\/2024\/04\/apero-1024x768.jpg 1024w, http:\/\/www.fabienm.eu\/wordpress\/wp-content\/uploads\/2024\/04\/apero-300x225.jpg 300w, http:\/\/www.fabienm.eu\/wordpress\/wp-content\/uploads\/2024\/04\/apero-768x576.jpg 768w, http:\/\/www.fabienm.eu\/wordpress\/wp-content\/uploads\/2024\/04\/apero.jpg 1200w\" sizes=\"auto, (max-width: 1024px) 100vw, 1024px\" \/><figcaption class=\"wp-element-caption\">Ap\u00e9ro !<\/figcaption><\/figure><\/div>\n\n\n<h2 class=\"wp-block-heading\">Pour conclure, un trajet de 2h en se trompant<\/h2>\n\n\n\n<p>Je n&rsquo;avais pas activ\u00e9 l&rsquo;assistance \u00e9lectrique du cargo (\u00e0 vide) et je me suis plant\u00e9 de chemin deux fois, mon compteur indiquait une distance parcourue de 24km soit une vitesse moyenne de 12kmh environ.<\/p>\n\n\n\n<p>C&rsquo;est une balade sympathique qui peut \u00eatre faite avec des enfants mais il faut qu&rsquo;ils soient motiv\u00e9s ou dans le v\u00e9lo \ud83d\ude09<\/p>\n\n\n\n<p>Une fois arriv\u00e9 le retour est beaucoup moins facile &#8230; car c&rsquo;est un retour. Personnellement j&rsquo;ai activ\u00e9 l&rsquo;assistance du cargo et chang\u00e9 un peu le plan de route pour mettre 1h15 de trajet depuis ArtRhena.<\/p>\n\n\n\n<p>L&rsquo;id\u00e9al \u00e7a serait de faire le trajet aller en v\u00e9lo pour ensuite revenir&#8230; en train !<\/p>\n\n\n\n<p><a href=\"https:\/\/transrhinrail.eu\/2024\/04\/01\/randonnee-velo-guidee-pour-se-rendre-a-la-chaine-humaine\/\"><strong>&#8230; et pour \u00e7a il faut tous venir le 14 avril pour la cha\u00eene humaine en faveur de la ligne Colmar Freiburg<\/strong> !<\/a><\/p>\n","protected":false},"excerpt":{"rendered":"<p>Colmar est une ville frontali\u00e8re de l&rsquo;Allemagne. Il ne suffit que de quelques 20&nbsp;kilom\u00e8tres de trajet pour changer de pays. Dans le cadre de la cha\u00eene humaine pr\u00e9vue le 14 avril, un trajet v\u00e9lo a \u00e9t\u00e9 d\u00e9finit pour s&rsquo;y rendre. &hellip; <a href=\"http:\/\/www.fabienm.eu\/wordpress\/2024\/04\/07\/de-colmar-jusquen-allemagne-a-velo\/\">Continuer la lecture <span class=\"meta-nav\">&rarr;<\/span><\/a><\/p>\n","protected":false},"author":1,"featured_media":0,"comment_status":"open","ping_status":"closed","sticky":false,"template":"","format":"standard","meta":{"footnotes":""},"categories":[1],"tags":[362,351,137],"class_list":["post-2299","post","type-post","status-publish","format-standard","hentry","category-non-classe","tag-cadrescolmar","tag-train","tag-velo"],"_links":{"self":[{"href":"http:\/\/www.fabienm.eu\/wordpress\/wp-json\/wp\/v2\/posts\/2299","targetHints":{"allow":["GET"]}}],"collection":[{"href":"http:\/\/www.fabienm.eu\/wordpress\/wp-json\/wp\/v2\/posts"}],"about":[{"href":"http:\/\/www.fabienm.eu\/wordpress\/wp-json\/wp\/v2\/types\/post"}],"author":[{"embeddable":true,"href":"http:\/\/www.fabienm.eu\/wordpress\/wp-json\/wp\/v2\/users\/1"}],"replies":[{"embeddable":true,"href":"http:\/\/www.fabienm.eu\/wordpress\/wp-json\/wp\/v2\/comments?post=2299"}],"version-history":[{"count":21,"href":"http:\/\/www.fabienm.eu\/wordpress\/wp-json\/wp\/v2\/posts\/2299\/revisions"}],"predecessor-version":[{"id":2374,"href":"http:\/\/www.fabienm.eu\/wordpress\/wp-json\/wp\/v2\/posts\/2299\/revisions\/2374"}],"wp:attachment":[{"href":"http:\/\/www.fabienm.eu\/wordpress\/wp-json\/wp\/v2\/media?parent=2299"}],"wp:term":[{"taxonomy":"category","embeddable":true,"href":"http:\/\/www.fabienm.eu\/wordpress\/wp-json\/wp\/v2\/categories?post=2299"},{"taxonomy":"post_tag","embeddable":true,"href":"http:\/\/www.fabienm.eu\/wordpress\/wp-json\/wp\/v2\/tags?post=2299"}],"curies":[{"name":"wp","href":"https:\/\/api.w.org\/{rel}","templated":true}]}}