{"id":2378,"date":"2024-05-12T22:13:18","date_gmt":"2024-05-12T20:13:18","guid":{"rendered":"http:\/\/www.fabienm.eu\/wordpress\/?p=2378"},"modified":"2024-05-12T22:13:46","modified_gmt":"2024-05-12T20:13:46","slug":"petit-traite-de-velosophie","status":"publish","type":"post","link":"http:\/\/www.fabienm.eu\/wordpress\/2024\/05\/12\/petit-traite-de-velosophie\/","title":{"rendered":"Petit trait\u00e9 de V\u00e9losophie"},"content":{"rendered":"<div class=\"wp-block-image\">\n<figure class=\"aligncenter size-large\"><img loading=\"lazy\" decoding=\"async\" width=\"771\" height=\"1024\" src=\"http:\/\/www.fabienm.eu\/wordpress\/wp-content\/uploads\/2024\/05\/velosophie-1-771x1024.jpeg\" alt=\"\" class=\"wp-image-2380\" srcset=\"http:\/\/www.fabienm.eu\/wordpress\/wp-content\/uploads\/2024\/05\/velosophie-1-771x1024.jpeg 771w, http:\/\/www.fabienm.eu\/wordpress\/wp-content\/uploads\/2024\/05\/velosophie-1-226x300.jpeg 226w, http:\/\/www.fabienm.eu\/wordpress\/wp-content\/uploads\/2024\/05\/velosophie-1-768x1020.jpeg 768w, http:\/\/www.fabienm.eu\/wordpress\/wp-content\/uploads\/2024\/05\/velosophie-1-1156x1536.jpeg 1156w, http:\/\/www.fabienm.eu\/wordpress\/wp-content\/uploads\/2024\/05\/velosophie-1.jpeg 1400w\" sizes=\"auto, (max-width: 771px) 100vw, 771px\" \/><figcaption class=\"wp-element-caption\">Couverture de la BD \u00abPetit trait\u00e9 de V\u00e9losophie\u00bb<\/figcaption><\/figure><\/div>\n\n\n<p>Didier Tronchet est un dessinateur de BD (Jean-Claude Tergal) qui se d\u00e9place \u00e0 v\u00e9lo depuis son enfance.<\/p>\n\n\n\n<p>En 2000\u00a0il \u00e9crit un livre nomm\u00e9 \u00abLe petit trait\u00e9 de V\u00e9losophie\u00bb pour faire la publicit\u00e9 des d\u00e9placements en v\u00e9lo. \u00c0 l&rsquo;\u00e9poque Didier se vante d&rsquo;\u00eatre pr\u00e9curseur. En 2020 il met tout \u00e7a \u00e0 jour en bande dessin\u00e9e.<\/p>\n\n\n<div class=\"wp-block-image\">\n<figure class=\"aligncenter size-large\"><img loading=\"lazy\" decoding=\"async\" width=\"1024\" height=\"523\" src=\"http:\/\/www.fabienm.eu\/wordpress\/wp-content\/uploads\/2024\/05\/6a74236ee02ca01e-1024x523.jpg\" alt=\"\" class=\"wp-image-2383\" srcset=\"http:\/\/www.fabienm.eu\/wordpress\/wp-content\/uploads\/2024\/05\/6a74236ee02ca01e-1024x523.jpg 1024w, http:\/\/www.fabienm.eu\/wordpress\/wp-content\/uploads\/2024\/05\/6a74236ee02ca01e-300x153.jpg 300w, http:\/\/www.fabienm.eu\/wordpress\/wp-content\/uploads\/2024\/05\/6a74236ee02ca01e-768x392.jpg 768w, http:\/\/www.fabienm.eu\/wordpress\/wp-content\/uploads\/2024\/05\/6a74236ee02ca01e-1536x784.jpg 1536w, http:\/\/www.fabienm.eu\/wordpress\/wp-content\/uploads\/2024\/05\/6a74236ee02ca01e-2048x1046.jpg 2048w\" sizes=\"auto, (max-width: 1024px) 100vw, 1024px\" \/><\/figure><\/div>\n\n\n<p>Cette bande dessin\u00e9e regorge de citations et d&rsquo;illustration militante, beaucoup de ses planche pourrait-\u00eatre imprim\u00e9 en affiche et coll\u00e9es partout pour militer.<\/p>\n\n\n<div class=\"wp-block-image\">\n<figure class=\"aligncenter size-large\"><img loading=\"lazy\" decoding=\"async\" width=\"680\" height=\"1024\" src=\"http:\/\/www.fabienm.eu\/wordpress\/wp-content\/uploads\/2024\/05\/velosophie_menace-1-680x1024.jpeg\" alt=\"\" class=\"wp-image-2385\" srcset=\"http:\/\/www.fabienm.eu\/wordpress\/wp-content\/uploads\/2024\/05\/velosophie_menace-1-680x1024.jpeg 680w, http:\/\/www.fabienm.eu\/wordpress\/wp-content\/uploads\/2024\/05\/velosophie_menace-1-199x300.jpeg 199w, http:\/\/www.fabienm.eu\/wordpress\/wp-content\/uploads\/2024\/05\/velosophie_menace-1-768x1156.jpeg 768w, http:\/\/www.fabienm.eu\/wordpress\/wp-content\/uploads\/2024\/05\/velosophie_menace-1.jpeg 991w\" sizes=\"auto, (max-width: 680px) 100vw, 680px\" \/><figcaption class=\"wp-element-caption\">Menace<\/figcaption><\/figure><\/div>\n\n\n<p>Je n&rsquo;ai pas lu le \u00abpetit trait\u00e9\u00bb initial, mais si c&rsquo;est du m\u00eame acabit que cette BD alors c&rsquo;est clair que c&rsquo;\u00e9tait pr\u00e9curseur !<\/p>\n\n\n\n<p>Une superbe BD \u00e0 offrir \u00e0 votre beauf ou coll\u00e8gue handicap\u00e9 de la voiture. Et si vous \u00eates colmarien, la BD est disponible \u00e0 la <a href=\"https:\/\/bibliotheque.colmar.fr\/opac\/catalog\/bibrecord?id=5273090941734953134&amp;referer=%2Fopac%2Fcatalog%2Fsearch%3Fallfields%255B%255D%3DPetit%2Btrait%25C3%25A9%2Bde%2Bv%25C3%25A9losophie&amp;num=1\">m\u00e9diath\u00e8que<\/a>.<\/p>\n","protected":false},"excerpt":{"rendered":"<p>Didier Tronchet est un dessinateur de BD (Jean-Claude Tergal) qui se d\u00e9place \u00e0 v\u00e9lo depuis son enfance. En 2000\u00a0il \u00e9crit un livre nomm\u00e9 \u00abLe petit trait\u00e9 de V\u00e9losophie\u00bb pour faire la publicit\u00e9 des d\u00e9placements en v\u00e9lo. \u00c0 l&rsquo;\u00e9poque Didier se &hellip; <a href=\"http:\/\/www.fabienm.eu\/wordpress\/2024\/05\/12\/petit-traite-de-velosophie\/\">Continuer la lecture <span class=\"meta-nav\">&rarr;<\/span><\/a><\/p>\n","protected":false},"author":1,"featured_media":0,"comment_status":"open","ping_status":"closed","sticky":false,"template":"","format":"standard","meta":{"footnotes":""},"categories":[171,43,3],"tags":[157,118,137],"class_list":["post-2378","post","type-post","status-publish","format-standard","hentry","category-dessin","category-ecologie","category-velo","tag-bd","tag-livre","tag-velo"],"_links":{"self":[{"href":"http:\/\/www.fabienm.eu\/wordpress\/wp-json\/wp\/v2\/posts\/2378","targetHints":{"allow":["GET"]}}],"collection":[{"href":"http:\/\/www.fabienm.eu\/wordpress\/wp-json\/wp\/v2\/posts"}],"about":[{"href":"http:\/\/www.fabienm.eu\/wordpress\/wp-json\/wp\/v2\/types\/post"}],"author":[{"embeddable":true,"href":"http:\/\/www.fabienm.eu\/wordpress\/wp-json\/wp\/v2\/users\/1"}],"replies":[{"embeddable":true,"href":"http:\/\/www.fabienm.eu\/wordpress\/wp-json\/wp\/v2\/comments?post=2378"}],"version-history":[{"count":4,"href":"http:\/\/www.fabienm.eu\/wordpress\/wp-json\/wp\/v2\/posts\/2378\/revisions"}],"predecessor-version":[{"id":2387,"href":"http:\/\/www.fabienm.eu\/wordpress\/wp-json\/wp\/v2\/posts\/2378\/revisions\/2387"}],"wp:attachment":[{"href":"http:\/\/www.fabienm.eu\/wordpress\/wp-json\/wp\/v2\/media?parent=2378"}],"wp:term":[{"taxonomy":"category","embeddable":true,"href":"http:\/\/www.fabienm.eu\/wordpress\/wp-json\/wp\/v2\/categories?post=2378"},{"taxonomy":"post_tag","embeddable":true,"href":"http:\/\/www.fabienm.eu\/wordpress\/wp-json\/wp\/v2\/tags?post=2378"}],"curies":[{"name":"wp","href":"https:\/\/api.w.org\/{rel}","templated":true}]}}