{"id":3,"date":"2009-06-23T20:24:39","date_gmt":"2009-06-23T18:24:39","guid":{"rendered":"http:\/\/www.martoni.fr\/wordpress\/?p=3"},"modified":"2009-07-17T20:20:35","modified_gmt":"2009-07-17T18:20:35","slug":"a-la-recherche-de-lultime-velo","status":"publish","type":"post","link":"http:\/\/www.fabienm.eu\/wordpress\/2009\/06\/23\/a-la-recherche-de-lultime-velo\/","title":{"rendered":"\u00c0 la recherche de l&rsquo;ultime v\u00e9lo."},"content":{"rendered":"<p>Apr\u00e8s avoir lut le p\u00e9riple de <a href=\"http:\/\/http:\/\/tourdumondeenbent.free.fr\/livre_cadres.html\">Matthieu Monceaux<\/a>, me voila parti \u00e0 la recherche d&rsquo;un v\u00e9lo couch\u00e9 pour me balader pendant les vacances et plus si affinit\u00e9.<\/p>\n<p>Le v\u00e9lo couch\u00e9 permet d&rsquo;avoir une meilleure position pour p\u00e9daler longtemps. Il abaisse le centre de gravit\u00e9 et surtout il permet d&rsquo;avoir une vue imprenable sur le paysage, fini la \u00abt\u00eate dans le guidon\u00bb avec ce genre d&rsquo;engin on en prend plein la vue.<\/p>\n<p>Malgr\u00e9 une pratique vraiment confidentielle il existe plusieurs cat\u00e9gories de v\u00e9los couch\u00e9s selon:<\/p>\n<ul>\n<li>les roues utilis\u00e9es : petites roues 20 ou 16&Prime; permettant d&rsquo;abaisser au ras du sol le centre de gravit\u00e9, grande roue arri\u00e8re de 26&Prime; avec petite roue avant, ou alors roues de v\u00e9lo standard 26\/26.<\/li>\n<li>la position du guidon : Deux \u00e9coles pour le guidon par le haut ou par le bas. D&rsquo;apr\u00e8s Matthieu, le guidon par le haut permet un meilleur rayon de braquage et permet de mettre tout les gadgets habituelles que l&rsquo;on peut trouver sur un v\u00e9lo (compteur, porte carte, &#8230;).<\/li>\n<li>et le type de transmission: de ce que j&rsquo;ai pu voir certaint v\u00e9lo on une chaine crois\u00e9e et d&rsquo;autre une droite, on trouve m\u00eame des proto sans chaine.<\/li>\n<\/ul>\n<p>Le choix n&rsquo;est pas facile parce que les v\u00e9los couch\u00e9s ne sont pas l\u00e9gion, les prix peuvent vite rebuter et les magasins ne courent pas les rues. Mais en gros je recherche un v\u00e9lo permettant de faire du cyclo-camping, ou cyclo-chard comme disent certains. Donc il faut pouvoir y attacher plein de sacoches et pouvoir facilement r\u00e9parer quelque soit la panne et la zone o\u00f9 l&rsquo;on se trouve. Pour cela je pense que le 26\/26 est indispensable puisque le diam\u00e8tre des roues est standard, ce qui permet de trouver des pneu et chambre \u00e0 air partout. De plus le grand diam\u00e8tre permet de s&rsquo;\u00e9lever du sol et donc de laisser plus de place pour les sacoches. Pour \u00e9viter de se retrouver avec un cadre compl\u00e8tement foutu au premier choc, il vaut mieux le choisir en acier qui est soudable contrairement \u00e0 l&rsquo;alu ou &#8230; au carbone !<\/p>\n<p>G\u00e9n\u00e9ration futur propose une petite liste de photo de 26\/26 <a href=\"http:\/\/generationsfutures.chez-alice.fr\/velo\/vc_26_26.htm\">ici.<\/a><\/p>\n<p>Le probl\u00e8me est maintenant de trouver un magasin qui vend ce genre de bestioles et qui permet de les essayer en plus histoire de d\u00e9couvrir les sensation de cette \u00e9trange b\u00eate. Le top serait de trouver un loueur permettant de faire une ou deux balades.<\/p>\n<p>Les magasins fran\u00e7ais que j&rsquo;ai rep\u00e9r\u00e9 sont :<\/p>\n<ul>\n<li><a href=\"http:\/\/www.cycleszen.com\/VC.htm\">cyclezen<\/a> : proche de<a href=\"http:\/\/maps.google.fr\/maps?f=q&amp;source=s_q&amp;hl=fr&amp;geocode=&amp;q=LA++BOHALLE&amp;ie=UTF8&amp;ll=47.430642,-0.417137&amp;spn=0.162112,0.442886&amp;z=12&amp;iwloc=A\"> Angers<\/a><\/li>\n<li><a href=\"http:\/\/www.m5france.com\/\">m5france<\/a> : \u00e0 Doussard pr\u00e8s <a href=\"http:\/\/maps.google.fr\/maps?f=q&amp;source=s_q&amp;hl=fr&amp;geocode=&amp;q=ZAC+des+Vernays+74210+Doussard&amp;sll=47.430642,-0.417137&amp;sspn=0.162112,0.442886&amp;ie=UTF8&amp;ll=45.760158,6.284437&amp;spn=0.041797,0.110722&amp;z=14&amp;iwloc=D\">du lac d&rsquo;Annecy<\/a><\/li>\n<li><a title=\"en gironde\" href=\"http:\/\/http:\/\/www.airodin.fr\/\">Airodin<\/a>: en Gironde, les revendeurs du fameux klaxon <a title=\"Le \" href=\"http:\/\/http:\/\/www.airodin.com\/airzoundindex\/airzoundsheet.htm\" target=\"_blank\">airzound<\/a><\/li>\n<\/ul>\n<p>Donc les v\u00e9lo qui m&rsquo;ont tap\u00e9 dans l&rsquo;\u0153il :<\/p>\n<div style=\"width: 714px\" class=\"wp-caption aligncenter\"><a href=\"Le Pionneer de chez nazca\"><img loading=\"lazy\" decoding=\"async\" title=\"Le Pionneer de chez nazca\" src=\"http:\/\/www.cycleszen.com\/PICT0008.jpg\" alt=\"\" width=\"704\" height=\"526\" \/><\/a><p class=\"wp-caption-text\">Le Pionneer de chez nazca<\/p><\/div>\n<p style=\"text-align: center;\">\n<div style=\"width: 410px\" class=\"wp-caption aligncenter\"><img loading=\"lazy\" decoding=\"async\" title=\"M5 26\/26\" src=\"http:\/\/www.m5france.com\/images_modeles\/m5_2626_high_bar.jpg\" alt=\"M5 26\/26\" width=\"400\" height=\"254\" \/><p class=\"wp-caption-text\">M5 26\/26<\/p><\/div>\n<div style=\"width: 610px\" class=\"wp-caption aligncenter\"><img loading=\"lazy\" decoding=\"async\" title=\"Optima Orca\" src=\"http:\/\/www.airodin.fr\/crbst_orcaattackblack600.jpg\" alt=\"Optima Orca\" width=\"600\" height=\"358\" \/><p class=\"wp-caption-text\">Optima Orca<\/p><\/div>\n<p>[Billet \u00e0 \u00e9diter]<\/p>\n","protected":false},"excerpt":{"rendered":"<p>Apr\u00e8s avoir lut le p\u00e9riple de Matthieu Monceaux, me voila parti \u00e0 la recherche d&rsquo;un v\u00e9lo couch\u00e9 pour me balader pendant les vacances et plus si affinit\u00e9. Le v\u00e9lo couch\u00e9 permet d&rsquo;avoir une meilleure position pour p\u00e9daler longtemps. Il abaisse &hellip; <a href=\"http:\/\/www.fabienm.eu\/wordpress\/2009\/06\/23\/a-la-recherche-de-lultime-velo\/\">Continuer la lecture <span class=\"meta-nav\">&rarr;<\/span><\/a><\/p>\n","protected":false},"author":1,"featured_media":0,"comment_status":"open","ping_status":"open","sticky":false,"template":"","format":"standard","meta":{"footnotes":""},"categories":[7,3],"tags":[137,5],"class_list":["post-3","post","type-post","status-publish","format-standard","hentry","category-couche","category-velo","tag-velo","tag-velo-couche"],"_links":{"self":[{"href":"http:\/\/www.fabienm.eu\/wordpress\/wp-json\/wp\/v2\/posts\/3","targetHints":{"allow":["GET"]}}],"collection":[{"href":"http:\/\/www.fabienm.eu\/wordpress\/wp-json\/wp\/v2\/posts"}],"about":[{"href":"http:\/\/www.fabienm.eu\/wordpress\/wp-json\/wp\/v2\/types\/post"}],"author":[{"embeddable":true,"href":"http:\/\/www.fabienm.eu\/wordpress\/wp-json\/wp\/v2\/users\/1"}],"replies":[{"embeddable":true,"href":"http:\/\/www.fabienm.eu\/wordpress\/wp-json\/wp\/v2\/comments?post=3"}],"version-history":[{"count":9,"href":"http:\/\/www.fabienm.eu\/wordpress\/wp-json\/wp\/v2\/posts\/3\/revisions"}],"predecessor-version":[{"id":24,"href":"http:\/\/www.fabienm.eu\/wordpress\/wp-json\/wp\/v2\/posts\/3\/revisions\/24"}],"wp:attachment":[{"href":"http:\/\/www.fabienm.eu\/wordpress\/wp-json\/wp\/v2\/media?parent=3"}],"wp:term":[{"taxonomy":"category","embeddable":true,"href":"http:\/\/www.fabienm.eu\/wordpress\/wp-json\/wp\/v2\/categories?post=3"},{"taxonomy":"post_tag","embeddable":true,"href":"http:\/\/www.fabienm.eu\/wordpress\/wp-json\/wp\/v2\/tags?post=3"}],"curies":[{"name":"wp","href":"https:\/\/api.w.org\/{rel}","templated":true}]}}