{"id":75,"date":"2025-01-09T21:07:35","date_gmt":"2025-01-09T20:07:35","guid":{"rendered":"https:\/\/www.fabienm.eu\/uncolmarien\/?p=75"},"modified":"2025-01-09T21:51:05","modified_gmt":"2025-01-09T20:51:05","slug":"bicyclette-de-cheah-sinann","status":"publish","type":"post","link":"https:\/\/www.fabienm.eu\/uncolmarien\/2025\/01\/09\/bicyclette-de-cheah-sinann\/","title":{"rendered":"Bicyclette de Cheah Sinann"},"content":{"rendered":"<div class=\"wp-block-image\">\n<figure class=\"aligncenter size-full\"><img loading=\"lazy\" decoding=\"async\" width=\"195\" height=\"283\" src=\"https:\/\/www.fabienm.eu\/uncolmarien\/wp-content\/uploads\/2025\/01\/51N7Cd206QL._SX195_.jpg\" alt=\"\" class=\"wp-image-76\"\/><\/figure>\n<\/div>\n\n\n<p>Y&rsquo;en a mare de toutes ces voitures qui pullulent partout dans nos rues et nos campagnes. On ne se sent plus en s\u00e9curit\u00e9 avec cette technologie qui fricote largement avec les fabricants d&rsquo;armes. Au moins avec le v\u00e9lo je suis sur d&rsquo;\u00eatre du cot\u00e9 de la paix, personne ne fait la guerre \u00e0 v\u00e9lo n&rsquo;est-ce pas ?<\/p>\n\n\n\n<p>Et bien non, rien de plus faux !<\/p>\n\n\n\n<p>Le v\u00e9lo a de tout temps \u00e9t\u00e9 utilis\u00e9 par les arm\u00e9es du monde entier, tout le monde se souvient des bicyclettes d\u00e9barqu\u00e9es en Normandie dans \u00able jour le plus long\u00bb. La bicyclette est un excellent rempla\u00e7ant du cheval mais sans les inconv\u00e9nients :&nbsp;plus l\u00e9ger, prend peu de place, pas besoin de carburant, pas cher et tr\u00e8s r\u00e9silient. Tout \u00e7a, l&rsquo;arm\u00e9e Japonaise fanatis\u00e9e l&rsquo;avait bien compris.<\/p>\n\n\n\n<p>La BD <a href=\"https:\/\/www.la-boite-a-bulles.com\/serie\/236\">\u00abLa bicyclette\u00bb<\/a> parle de la conqu\u00eate de Singapour par des bataillons japonais \u00e0 v\u00e9lo. Le v\u00e9lo est le h\u00e9ro central de cette BD.<br>Et tout l&rsquo;\u00e9quipement de la bicyclette est mis en valeur dans un contexte de guerre avec la lampe qui \u00e9blouie l&rsquo;ennemi, le cadre qui sert d&rsquo;\u00e9p\u00e9e et de projectile. M\u00eame la sonnette permet de divertir l&rsquo;adversaire pour l&rsquo;attaquer d&rsquo;un autre endroit.<\/p>\n\n\n\n<p>Bref, pas tr\u00e8s reluisant pour la bicyclette, mais un angle m\u00e9connu et int\u00e9ressant de son usage.<\/p>\n\n\n\n<p>L&rsquo;histoire parle d&rsquo;un enfant orphelin de Singapour qui apprend \u00e0 faire du v\u00e9lo gr\u00e2ce \u00e0 un soldat japonais qui le prend sous son aile. On d\u00e9couvre ainsi une histoire peu connue de la seconde guerre mondiale en Asie.<\/p>\n\n\n\n<p>La BD est int\u00e9ressante car elle parle d&rsquo;un sujet peu trait\u00e9 en histoire \u00e0 l&rsquo;\u00e9cole. Le dessin est cependant assez peu expressif et le mouvement des personnage est plut\u00f4t poussif.<\/p>\n\n\n\n<p>C&rsquo;est un livre \u00e0 <a href=\"https:\/\/bibliotheque.colmar.fr\/opac\/catalog\/bibrecord?id=7420351465204832374&amp;referer=%2Fopac%2Fcatalog%2Fsearch%3Fallfields%255B%255D%3Dla%2Bbicyclette&amp;num=3\">emprunter \u00e0 la biblioth\u00e8que de Colmar<\/a>, mais pas forc\u00e9ment un livre \u00e0 avoir sur ses \u00e9tag\u00e8res.<\/p>\n","protected":false},"excerpt":{"rendered":"<p>Y&rsquo;en a mare de toutes ces voitures qui pullulent partout dans nos rues et nos campagnes. On ne se sent plus en s\u00e9curit\u00e9 avec cette technologie qui fricote largement avec les fabricants d&rsquo;armes. Au moins avec le v\u00e9lo je suis &hellip; <a href=\"https:\/\/www.fabienm.eu\/uncolmarien\/2025\/01\/09\/bicyclette-de-cheah-sinann\/\">Continuer la lecture <span class=\"meta-nav\">&rarr;<\/span><\/a><\/p>\n","protected":false},"author":1,"featured_media":0,"comment_status":"open","ping_status":"open","sticky":false,"template":"","format":"standard","meta":{"footnotes":""},"categories":[1],"tags":[23,22,21,24,20,25],"class_list":["post-75","post","type-post","status-publish","format-standard","hentry","category-non-classe","tag-bd","tag-bicyclette","tag-guerre","tag-japon","tag-livre","tag-singapour"],"_links":{"self":[{"href":"https:\/\/www.fabienm.eu\/uncolmarien\/wp-json\/wp\/v2\/posts\/75","targetHints":{"allow":["GET"]}}],"collection":[{"href":"https:\/\/www.fabienm.eu\/uncolmarien\/wp-json\/wp\/v2\/posts"}],"about":[{"href":"https:\/\/www.fabienm.eu\/uncolmarien\/wp-json\/wp\/v2\/types\/post"}],"author":[{"embeddable":true,"href":"https:\/\/www.fabienm.eu\/uncolmarien\/wp-json\/wp\/v2\/users\/1"}],"replies":[{"embeddable":true,"href":"https:\/\/www.fabienm.eu\/uncolmarien\/wp-json\/wp\/v2\/comments?post=75"}],"version-history":[{"count":4,"href":"https:\/\/www.fabienm.eu\/uncolmarien\/wp-json\/wp\/v2\/posts\/75\/revisions"}],"predecessor-version":[{"id":80,"href":"https:\/\/www.fabienm.eu\/uncolmarien\/wp-json\/wp\/v2\/posts\/75\/revisions\/80"}],"wp:attachment":[{"href":"https:\/\/www.fabienm.eu\/uncolmarien\/wp-json\/wp\/v2\/media?parent=75"}],"wp:term":[{"taxonomy":"category","embeddable":true,"href":"https:\/\/www.fabienm.eu\/uncolmarien\/wp-json\/wp\/v2\/categories?post=75"},{"taxonomy":"post_tag","embeddable":true,"href":"https:\/\/www.fabienm.eu\/uncolmarien\/wp-json\/wp\/v2\/tags?post=75"}],"curies":[{"name":"wp","href":"https:\/\/api.w.org\/{rel}","templated":true}]}}